{"id":223929,"date":"2022-03-16T21:25:20","date_gmt":"2022-03-16T19:25:20","guid":{"rendered":"http:\/\/107.6.182.27\/es\/?p=223929"},"modified":"2023-01-10T16:37:27","modified_gmt":"2023-01-10T14:37:27","slug":"defensa-rusa-ucrania-prepara-un-montaje-con-sustancias-toxicas","status":"publish","type":"post","link":"https:\/\/archive.sana.sy\/es\/?p=223929","title":{"rendered":"Defensa rusa: Ucrania prepara un montaje con sustancias t\u00f3xicas"},"content":{"rendered":"<p style=\"text-align: justify;\"><span style=\"color: #800000;\"><strong>Mosc\u00fa, 16 mar (SANA)<\/strong><\/span> El Ministerio de Defensa de Rusia denunci\u00f3 hoy que Ucrania est\u00e1 preparando un montaje con sustancias t\u00f3xicas.<\/p>\n<p style=\"text-align: justify;\">El organismo declar\u00f3 que dispone de pruebas de que el Servicio de Seguridad de Ucrania, con el apoyo de unos pa\u00edses extranjeros, &#8220;est\u00e1 preparando un montaje con sustancias t\u00f3xicas contra civiles&#8221; que tiene por objeto acusar a Rusia de usar armas qu\u00edmicas.<\/p>\n<p style=\"text-align: justify;\">Entre los documentos obtenidos por los militares rusos hay un mapa de Ucrania con varios objetivos marcados y nombres de sustancias t\u00f3xicas, algo que permitir\u00e1 descubrir cualquier intento del Servicio de Seguridad de Ucrania de realizar un montaje.<\/p>\n<p style=\"text-align: justify;\">\u00bfOtras &#8216;fake news&#8217; de Ucrania?<\/p>\n<p style=\"text-align: justify;\">La Defensa tambi\u00e9n desminti\u00f3 una noticia compartida por el fiscal general de Ucrania y que por el momento circula en los medios occidentales. De acuerdo con la publicaci\u00f3n, los militares rusos dispararon contra unas personas que estaban en la cola en una calle de la localidad de Chern\u00edgiv.<\/p>\n<p style=\"text-align: justify;\">En realidad, &#8220;no hay y no hubo militares rusos&#8221; en dicha ciudad. En las im\u00e1genes del incidente, no se pueden ver huellas de sangre ni destrucci\u00f3n, lo que demuestra que no son m\u00e1s que &#8220;v\u00edctimas del terror de los ultranacionalistas ucranianos&#8221; o protagonistas de &#8220;un montaje&#8221;.<\/p>\n<p><em>fm\/mm<\/em><\/p>\n","protected":false},"excerpt":{"rendered":"<p>Mosc\u00fa, 16 mar (SANA) El Ministerio de Defensa de Rusia denunci\u00f3 hoy que Ucrania est\u00e1 preparando un montaje con sustancias t\u00f3xicas. El organismo declar\u00f3 que dispone de pruebas de que el Servicio de Seguridad de Ucrania, con el apoyo de unos pa\u00edses extranjeros, &#8220;est\u00e1 preparando un montaje con sustancias t\u00f3xicas contra civiles&#8221; que tiene por &hellip;<\/p>\n","protected":false},"author":36,"featured_media":82989,"comment_status":"closed","ping_status":"closed","sticky":false,"template":"","format":"standard","meta":{"footnotes":""},"categories":[597,456,457,7541],"tags":[],"class_list":["post-223929","post","type-post","status-publish","format-standard","has-post-thumbnail","","category-cinta-de-noticias","category-arabe-internacional-politica","category-noticias-arabe-internacional-politica","category-ultimas-noticias"],"_links":{"self":[{"href":"https:\/\/archive.sana.sy\/es\/index.php?rest_route=\/wp\/v2\/posts\/223929"}],"collection":[{"href":"https:\/\/archive.sana.sy\/es\/index.php?rest_route=\/wp\/v2\/posts"}],"about":[{"href":"https:\/\/archive.sana.sy\/es\/index.php?rest_route=\/wp\/v2\/types\/post"}],"author":[{"embeddable":true,"href":"https:\/\/archive.sana.sy\/es\/index.php?rest_route=\/wp\/v2\/users\/36"}],"replies":[{"embeddable":true,"href":"https:\/\/archive.sana.sy\/es\/index.php?rest_route=%2Fwp%2Fv2%2Fcomments&post=223929"}],"version-history":[{"count":0,"href":"https:\/\/archive.sana.sy\/es\/index.php?rest_route=\/wp\/v2\/posts\/223929\/revisions"}],"wp:featuredmedia":[{"embeddable":true,"href":"https:\/\/archive.sana.sy\/es\/index.php?rest_route=\/wp\/v2\/media\/82989"}],"wp:attachment":[{"href":"https:\/\/archive.sana.sy\/es\/index.php?rest_route=%2Fwp%2Fv2%2Fmedia&parent=223929"}],"wp:term":[{"taxonomy":"category","embeddable":true,"href":"https:\/\/archive.sana.sy\/es\/index.php?rest_route=%2Fwp%2Fv2%2Fcategories&post=223929"},{"taxonomy":"post_tag","embeddable":true,"href":"https:\/\/archive.sana.sy\/es\/index.php?rest_route=%2Fwp%2Fv2%2Ftags&post=223929"}],"curies":[{"name":"wp","href":"https:\/\/api.w.org\/{rel}","templated":true}]}}