{"id":223934,"date":"2022-03-17T03:42:59","date_gmt":"2022-03-17T01:42:59","guid":{"rendered":"http:\/\/107.6.182.27\/es\/?p=223934"},"modified":"2023-01-10T16:37:27","modified_gmt":"2023-01-10T14:37:27","slug":"occidente-quiere-convertir-al-mundo-en-un-manicomio","status":"publish","type":"post","link":"https:\/\/archive.sana.sy\/es\/?p=223934","title":{"rendered":"&#8220;Occidente quiere convertir al mundo en un manicomio&#8221;"},"content":{"rendered":"<p style=\"text-align: justify;\"><span style=\"color: #800000;\"><strong>Damasco, 17 mar (SANA)<\/strong> <\/span>Un &#8220;manicomio&#8221; donde sus &#8216;pacientes&#8217; est\u00e1n siendo &#8220;incitados al odio&#8221; hacia todo lo vinculado con Rusia, al tiempo que, quienes rechazan comer este cuento, son tratados como &#8216;enfermos violentos&#8217;. As\u00ed describe el ambiente en Occidente la psiquiatra Martina Soto Kohler, residente en Suiza.<\/p>\n<p style=\"text-align: justify;\">La tambi\u00e9n coordinadora general de los egresados latinoamericanos de la URSS y de Rusia denunci\u00f3 a Sputnik que hasta fue &#8220;agredida gratuitamente&#8221;, simplemente por su simpat\u00eda hacia el gigante euroasi\u00e1tico, pa\u00eds donde estudi\u00f3 psiquiatr\u00eda infantil.<\/p>\n<p style=\"text-align: justify;\">En este \u00faltimo contexto, comunic\u00f3 que, fruto de la propaganda antirrusa, se registraron agresiones contra alumnos rusos por parte de ni\u00f1os suizos &#8220;que en general fueron muy educados&#8221;.<\/p>\n<p style=\"text-align: justify;\">Al mismo tiempo, los intelectuales del pa\u00eds &#8220;solicitados&#8221; por los medios nacionales reconocen en privado su miedo ante el acoso en caso de que se atrevan a expresar una visi\u00f3n distinta del conflicto de Ucrania, a la de la narrativa dominante que pinta a Rusia como el malo de la pel\u00edcula.<\/p>\n<p style=\"text-align: justify;\">&#8220;Todos los canales del mundo est\u00e1n en esa guerra medi\u00e1tica contra Rusia donde mienten terriblemente&#8221;, subray\u00f3 Soto Kohler, al indicar que, por otro lado, &#8220;eso es una oportunidad para Rusia de darse cuenta de que no puede hacerle confianza&#8221; a Occidente.<\/p>\n<p style=\"text-align: justify;\">&#8220;Me doy cuenta de que los europeos tienen un sentimiento antirruso que no es de hoy, sino que viene de muchos a\u00f1os. Antes dec\u00edan que no quer\u00edan a Rusia porque era comunista, pero no era ese el problema, porque hoy Rusia dej\u00f3 de ser comunista, pas\u00f3 a ser un pa\u00eds que adopt\u00f3 el sistema capitalista, que intercambia con el mundo entero, y sin embargo, la siguen atacando, o sea, el problema es otro: el problema es que quieren destruir a Rusia, partirla en mil pedazos como lo hicieron con otros pa\u00edses, por ejemplo, con Yugoslavia&#8221;, enfatiz\u00f3.<\/p>\n<p style=\"text-align: justify;\">Soto Kohler es una de las firmantes de una declaraci\u00f3n conjunta de los egresados de universidades sovi\u00e9ticas y rusas, donde se expresa la solidaridad con Mosc\u00fa &#8220;en las presentes circunstancias dif\u00edciles para el pueblo ruso, cuando el pa\u00eds est\u00e1 casi completamente rodeado por el agresivo bloque de la OTAN con el apoyo directo de EEUU&#8221;.<br \/>\nSe lee en el texto que los medios occidentales desataron &#8220;una guerra psicol\u00f3gica contra Rusia y su presidente&#8221;, habiendo una &#8220;desinformaci\u00f3n total&#8221; que confunde hasta a &#8220;algunos l\u00edderes latinoamericanos&#8221;.<\/p>\n<p style=\"text-align: justify;\">Adem\u00e1s, se manifiesta el apoyo a &#8220;las poblaciones de las Rep\u00fablicas de Donetsk y Lugansk&#8221;, donde Rusia se vio obligada a garantizar su seguridad.<\/p>\n<p style=\"text-align: justify;\">Por \u00faltimo, se subraya que Rusia, pa\u00eds que &#8220;liber\u00f3 a Europa y a todo el mundo del fascismo alem\u00e1n, volvi\u00f3 a enfrentar una amenaza neonazi&#8221; proveniente del r\u00e9gimen de Kiev, que atenta contra los intereses del pueblo ucraniano.<\/p>\n<p style=\"text-align: justify;\"><strong>Fuente: Sputnik<\/strong><\/p>\n<p style=\"text-align: justify;\">\n","protected":false},"excerpt":{"rendered":"<p>Damasco, 17 mar (SANA) Un &#8220;manicomio&#8221; donde sus &#8216;pacientes&#8217; est\u00e1n siendo &#8220;incitados al odio&#8221; hacia todo lo vinculado con Rusia, al tiempo que, quienes rechazan comer este cuento, son tratados como &#8216;enfermos violentos&#8217;. As\u00ed describe el ambiente en Occidente la psiquiatra Martina Soto Kohler, residente en Suiza. La tambi\u00e9n coordinadora general de los egresados latinoamericanos &hellip;<\/p>\n","protected":false},"author":34,"featured_media":223935,"comment_status":"closed","ping_status":"closed","sticky":false,"template":"","format":"standard","meta":{"footnotes":""},"categories":[16929,597,456,7541],"tags":[],"class_list":["post-223934","post","type-post","status-publish","format-standard","has-post-thumbnail","","category-articulos-de-opinion","category-cinta-de-noticias","category-arabe-internacional-politica","category-ultimas-noticias"],"_links":{"self":[{"href":"https:\/\/archive.sana.sy\/es\/index.php?rest_route=\/wp\/v2\/posts\/223934"}],"collection":[{"href":"https:\/\/archive.sana.sy\/es\/index.php?rest_route=\/wp\/v2\/posts"}],"about":[{"href":"https:\/\/archive.sana.sy\/es\/index.php?rest_route=\/wp\/v2\/types\/post"}],"author":[{"embeddable":true,"href":"https:\/\/archive.sana.sy\/es\/index.php?rest_route=\/wp\/v2\/users\/34"}],"replies":[{"embeddable":true,"href":"https:\/\/archive.sana.sy\/es\/index.php?rest_route=%2Fwp%2Fv2%2Fcomments&post=223934"}],"version-history":[{"count":0,"href":"https:\/\/archive.sana.sy\/es\/index.php?rest_route=\/wp\/v2\/posts\/223934\/revisions"}],"wp:featuredmedia":[{"embeddable":true,"href":"https:\/\/archive.sana.sy\/es\/index.php?rest_route=\/wp\/v2\/media\/223935"}],"wp:attachment":[{"href":"https:\/\/archive.sana.sy\/es\/index.php?rest_route=%2Fwp%2Fv2%2Fmedia&parent=223934"}],"wp:term":[{"taxonomy":"category","embeddable":true,"href":"https:\/\/archive.sana.sy\/es\/index.php?rest_route=%2Fwp%2Fv2%2Fcategories&post=223934"},{"taxonomy":"post_tag","embeddable":true,"href":"https:\/\/archive.sana.sy\/es\/index.php?rest_route=%2Fwp%2Fv2%2Ftags&post=223934"}],"curies":[{"name":"wp","href":"https:\/\/api.w.org\/{rel}","templated":true}]}}