{"id":22396,"date":"2015-05-02T16:39:50","date_gmt":"2015-05-02T13:39:50","guid":{"rendered":"http:\/\/www.sana.sy\/es\/?p=22396"},"modified":"2015-05-02T16:57:48","modified_gmt":"2015-05-02T13:57:48","slug":"manifestaciones-en-turquia-para-denunciar-las-masacres-cometidas-por-los-terroristas-en-siria","status":"publish","type":"post","link":"https:\/\/archive.sana.sy\/es\/?p=22396","title":{"rendered":"Turcos se manifiestan para denunciar la pol\u00edtica pro terrorismo de su Gobierno"},"content":{"rendered":"<p><span style=\"color: #800000\">Adana, SANA<\/span><br \/>\n<span style=\"color: #800000\">\u00a0<\/span><br \/>\nCentenares de turcos se manifestaron este s\u00e1bado en la ciudad de Adana para denunciar las masacres cometidas por los terroristas en Siria, especialmente en la ciudad de Jisser al-Shughur.<\/p>\n<p>Los participantes en este acto condenaron en un comunicado, las atrocidades cometidas contra el pueblo sirio a manos de los terroristas apoyados por el Gobierno del Partido de la Justicia y el Desarrollo turco (AKP).<\/p>\n<p>Asimismo, advirtieron de las nefastas repercusiones de las pol\u00edticas pro terroristas adoptadas por algunos pa\u00edses, sobre la regi\u00f3n.<\/p>\n<p>Los protagonistas de la manifestaci\u00f3n responsabilizaron al Gobierno turco de las masacres perpetradas por sus terroristas en el territorio sirio, dirigiendo un llamamiento al pueblo turco para que haga frente a las pol\u00edticas del Partido AKP, que patrocinan el terrorismo y el sectarismo en el pa\u00eds vecino Siria.<\/p>\n<p>Lynn A., Fady M.<\/p>\n","protected":false},"excerpt":{"rendered":"<p>Adana, SANA \u00a0 Centenares de turcos se manifestaron este s\u00e1bado en la ciudad de Adana para denunciar las masacres cometidas por los terroristas en Siria, especialmente en la ciudad de Jisser al-Shughur. Los participantes en este acto condenaron en un comunicado, las atrocidades cometidas contra el pueblo sirio a manos de los terroristas apoyados por &hellip;<\/p>\n","protected":false},"author":24,"featured_media":22401,"comment_status":"closed","ping_status":"closed","sticky":false,"template":"","format":"standard","meta":{"footnotes":""},"categories":[456,457,576],"tags":[5098],"class_list":["post-22396","post","type-post","status-publish","format-standard","has-post-thumbnail","","category-arabe-internacional-politica","category-noticias-arabe-internacional-politica","category-noticias-politicas","tag-manifestaciones-en-turquia-para-denunciar-las-masacres-cometidas-por-los-terroristas-en-siria"],"_links":{"self":[{"href":"https:\/\/archive.sana.sy\/es\/index.php?rest_route=\/wp\/v2\/posts\/22396"}],"collection":[{"href":"https:\/\/archive.sana.sy\/es\/index.php?rest_route=\/wp\/v2\/posts"}],"about":[{"href":"https:\/\/archive.sana.sy\/es\/index.php?rest_route=\/wp\/v2\/types\/post"}],"author":[{"embeddable":true,"href":"https:\/\/archive.sana.sy\/es\/index.php?rest_route=\/wp\/v2\/users\/24"}],"replies":[{"embeddable":true,"href":"https:\/\/archive.sana.sy\/es\/index.php?rest_route=%2Fwp%2Fv2%2Fcomments&post=22396"}],"version-history":[{"count":0,"href":"https:\/\/archive.sana.sy\/es\/index.php?rest_route=\/wp\/v2\/posts\/22396\/revisions"}],"wp:featuredmedia":[{"embeddable":true,"href":"https:\/\/archive.sana.sy\/es\/index.php?rest_route=\/wp\/v2\/media\/22401"}],"wp:attachment":[{"href":"https:\/\/archive.sana.sy\/es\/index.php?rest_route=%2Fwp%2Fv2%2Fmedia&parent=22396"}],"wp:term":[{"taxonomy":"category","embeddable":true,"href":"https:\/\/archive.sana.sy\/es\/index.php?rest_route=%2Fwp%2Fv2%2Fcategories&post=22396"},{"taxonomy":"post_tag","embeddable":true,"href":"https:\/\/archive.sana.sy\/es\/index.php?rest_route=%2Fwp%2Fv2%2Ftags&post=22396"}],"curies":[{"name":"wp","href":"https:\/\/api.w.org\/{rel}","templated":true}]}}