{"id":223983,"date":"2022-03-17T12:01:59","date_gmt":"2022-03-17T10:01:59","guid":{"rendered":"http:\/\/107.6.182.27\/es\/?p=223983"},"modified":"2022-03-17T12:01:59","modified_gmt":"2022-03-17T10:01:59","slug":"rusia-y-eau-coinciden-en-la-necesidad-de-encontrar-una-solucion-politica-a-la-crisis-en-siria-y-que-la-comunidad-internacional-deberia-contribuir-a-su-reconstruccion-afirma-canciller-ruso-sergei","status":"publish","type":"post","link":"https:\/\/archive.sana.sy\/es\/?p=223983","title":{"rendered":"&#8220;Rusia y EAU coinciden en la necesidad de encontrar una soluci\u00f3n pol\u00edtica a la crisis en Siria y que la comunidad internacional deber\u00eda contribuir a su reconstrucci\u00f3n&#8221;, afirma canciller ruso, Serg\u00e9i Lavrov, en una conferencia con su hom\u00f3logo emirat\u00ed, Abdullah bin Zayed Al Nahyan"},"content":{"rendered":"","protected":false},"excerpt":{"rendered":"","protected":false},"author":32,"featured_media":0,"comment_status":"closed","ping_status":"closed","sticky":false,"template":"","format":"standard","meta":{"footnotes":""},"categories":[596],"tags":[],"class_list":["post-223983","post","type-post","status-publish","format-standard","","category-urgente"],"_links":{"self":[{"href":"https:\/\/archive.sana.sy\/es\/index.php?rest_route=\/wp\/v2\/posts\/223983"}],"collection":[{"href":"https:\/\/archive.sana.sy\/es\/index.php?rest_route=\/wp\/v2\/posts"}],"about":[{"href":"https:\/\/archive.sana.sy\/es\/index.php?rest_route=\/wp\/v2\/types\/post"}],"author":[{"embeddable":true,"href":"https:\/\/archive.sana.sy\/es\/index.php?rest_route=\/wp\/v2\/users\/32"}],"replies":[{"embeddable":true,"href":"https:\/\/archive.sana.sy\/es\/index.php?rest_route=%2Fwp%2Fv2%2Fcomments&post=223983"}],"version-history":[{"count":0,"href":"https:\/\/archive.sana.sy\/es\/index.php?rest_route=\/wp\/v2\/posts\/223983\/revisions"}],"wp:attachment":[{"href":"https:\/\/archive.sana.sy\/es\/index.php?rest_route=%2Fwp%2Fv2%2Fmedia&parent=223983"}],"wp:term":[{"taxonomy":"category","embeddable":true,"href":"https:\/\/archive.sana.sy\/es\/index.php?rest_route=%2Fwp%2Fv2%2Fcategories&post=223983"},{"taxonomy":"post_tag","embeddable":true,"href":"https:\/\/archive.sana.sy\/es\/index.php?rest_route=%2Fwp%2Fv2%2Ftags&post=223983"}],"curies":[{"name":"wp","href":"https:\/\/api.w.org\/{rel}","templated":true}]}}