{"id":223985,"date":"2022-03-17T12:08:37","date_gmt":"2022-03-17T10:08:37","guid":{"rendered":"http:\/\/107.6.182.27\/es\/?p=223985"},"modified":"2023-01-10T16:37:26","modified_gmt":"2023-01-10T14:37:26","slug":"rusia-dispone-de-fuerza-suficiente-para-repeler-a-sus-enemigos","status":"publish","type":"post","link":"https:\/\/archive.sana.sy\/es\/?p=223985","title":{"rendered":"Rusia dispone de fuerza suficiente para repeler a sus enemigos"},"content":{"rendered":"<p style=\"text-align: justify;\"><span style=\"color: #800000;\"><strong>Mosc\u00fa, 17 mar (SANA)<\/strong><\/span>\u00a0 El vicepresidente del Consejo de Seguridad Nacional de Rusia, Dmitry Medvedev, tach\u00f3 de criminal e inmoral al comportamiento de los pa\u00edses occidentales hacia su pa\u00eds en los \u00faltimos a\u00f1os.<\/p>\n<p style=\"text-align: justify;\">&#8220;El comportamiento de los pa\u00edses occidentales hacia Rusia en los \u00faltimos a\u00f1os es repugnante, criminal e inmoral a pesar de que sinceramente quer\u00edamos tener una buena relaci\u00f3n con ellos&#8221;, dijo Medvedev en su canal de Telegram.<\/p>\n<p style=\"text-align: justify;\">Denunci\u00f3 la expansi\u00f3n de la Organizaci\u00f3n del Tratado del Atl\u00e1ntico Norte (OTAN) hacia fronteras rusas y la guerra econ\u00f3mica y medi\u00e1tica contra Mosc\u00fa en todos los frentes, adem\u00e1s de las amenazas, la intimidaci\u00f3n contra los ciudadanos rusos en el extranjero.<\/p>\n<p style=\"text-align: justify;\">Seg\u00fan Medvedev, los planes de Occidente para someter y dividir a Rusia no se pueden concretar porque tiene la fuerza suficiente para repeler a todos los enemigos.<\/p>\n<p style=\"text-align: justify;\">Enfatiz\u00f3 que su pa\u00eds continuar\u00e1 la lucha por llegar a un orden mundial en el que no haya lugar para los nazis, las mentiras y los genocidios.<\/p>\n<p style=\"text-align: justify;\">fm\/ed<\/p>\n","protected":false},"excerpt":{"rendered":"<p>Mosc\u00fa, 17 mar (SANA)\u00a0 El vicepresidente del Consejo de Seguridad Nacional de Rusia, Dmitry Medvedev, tach\u00f3 de criminal e inmoral al comportamiento de los pa\u00edses occidentales hacia su pa\u00eds en los \u00faltimos a\u00f1os. &#8220;El comportamiento de los pa\u00edses occidentales hacia Rusia en los \u00faltimos a\u00f1os es repugnante, criminal e inmoral a pesar de que sinceramente &hellip;<\/p>\n","protected":false},"author":32,"featured_media":223986,"comment_status":"closed","ping_status":"closed","sticky":false,"template":"","format":"standard","meta":{"footnotes":""},"categories":[597,456,7541],"tags":[6695],"class_list":["post-223985","post","type-post","status-publish","format-standard","has-post-thumbnail","","category-cinta-de-noticias","category-arabe-internacional-politica","category-ultimas-noticias","tag-rusia"],"_links":{"self":[{"href":"https:\/\/archive.sana.sy\/es\/index.php?rest_route=\/wp\/v2\/posts\/223985"}],"collection":[{"href":"https:\/\/archive.sana.sy\/es\/index.php?rest_route=\/wp\/v2\/posts"}],"about":[{"href":"https:\/\/archive.sana.sy\/es\/index.php?rest_route=\/wp\/v2\/types\/post"}],"author":[{"embeddable":true,"href":"https:\/\/archive.sana.sy\/es\/index.php?rest_route=\/wp\/v2\/users\/32"}],"replies":[{"embeddable":true,"href":"https:\/\/archive.sana.sy\/es\/index.php?rest_route=%2Fwp%2Fv2%2Fcomments&post=223985"}],"version-history":[{"count":0,"href":"https:\/\/archive.sana.sy\/es\/index.php?rest_route=\/wp\/v2\/posts\/223985\/revisions"}],"wp:featuredmedia":[{"embeddable":true,"href":"https:\/\/archive.sana.sy\/es\/index.php?rest_route=\/wp\/v2\/media\/223986"}],"wp:attachment":[{"href":"https:\/\/archive.sana.sy\/es\/index.php?rest_route=%2Fwp%2Fv2%2Fmedia&parent=223985"}],"wp:term":[{"taxonomy":"category","embeddable":true,"href":"https:\/\/archive.sana.sy\/es\/index.php?rest_route=%2Fwp%2Fv2%2Fcategories&post=223985"},{"taxonomy":"post_tag","embeddable":true,"href":"https:\/\/archive.sana.sy\/es\/index.php?rest_route=%2Fwp%2Fv2%2Ftags&post=223985"}],"curies":[{"name":"wp","href":"https:\/\/api.w.org\/{rel}","templated":true}]}}