{"id":223988,"date":"2022-03-17T12:29:20","date_gmt":"2022-03-17T10:29:20","guid":{"rendered":"http:\/\/107.6.182.27\/es\/?p=223988"},"modified":"2023-01-10T16:37:25","modified_gmt":"2023-01-10T14:37:25","slug":"rusia-y-ucrania-de-momento-estan-lejos-de-un-acuerdo-firma-el-kremlin","status":"publish","type":"post","link":"https:\/\/archive.sana.sy\/es\/?p=223988","title":{"rendered":"&#8220;Rusia y Ucrania de momento est\u00e1n lejos de un acuerdo&#8221;, firma el Kremlin"},"content":{"rendered":"<p style=\"text-align: justify;\"><span style=\"color: #800000;\"><strong>Mosc\u00fa, 17 mar (SANA)<\/strong> <\/span>El portavoz del Kremlin, Dmitri Peskov, dijo hoy que la delegaci\u00f3n rusa est\u00e1 dispuesta a negociar las 24 horas con la delegaci\u00f3n ucraniana, pero no hay entusiasmo en el otro lado y estamos lejos de alcanzar un acuerdo.<\/p>\n<p style=\"text-align: justify;\">&#8220;Rusia y Ucrania de momento est\u00e1n lejos de un acuerdo&#8221;, afirm\u00f3 el vocero.<\/p>\n<p style=\"text-align: justify;\">Asimismo, calific\u00f3 de inadmisibles las declaraciones del presidente de EEUU, Joe Biden, sobre el presidente ruso, Vlad\u00edmir Putin, comunic\u00f3<\/p>\n<p style=\"text-align: justify;\">Adem\u00e1s, a\u00f1adi\u00f3 que Rusia no puede tomar en cuenta la decisi\u00f3n de la Corte Internacional de Justicia sobre la operaci\u00f3n en Ucrania.<\/p>\n<p style=\"text-align: justify;\">fm\/ed<\/p>\n","protected":false},"excerpt":{"rendered":"<p>Mosc\u00fa, 17 mar (SANA) El portavoz del Kremlin, Dmitri Peskov, dijo hoy que la delegaci\u00f3n rusa est\u00e1 dispuesta a negociar las 24 horas con la delegaci\u00f3n ucraniana, pero no hay entusiasmo en el otro lado y estamos lejos de alcanzar un acuerdo. &#8220;Rusia y Ucrania de momento est\u00e1n lejos de un acuerdo&#8221;, afirm\u00f3 el vocero. &hellip;<\/p>\n","protected":false},"author":32,"featured_media":223989,"comment_status":"closed","ping_status":"closed","sticky":false,"template":"","format":"standard","meta":{"footnotes":""},"categories":[597,456,7541],"tags":[7016,6695,20357],"class_list":["post-223988","post","type-post","status-publish","format-standard","has-post-thumbnail","","category-cinta-de-noticias","category-arabe-internacional-politica","category-ultimas-noticias","tag-moscu","tag-rusia","tag-ucrania"],"_links":{"self":[{"href":"https:\/\/archive.sana.sy\/es\/index.php?rest_route=\/wp\/v2\/posts\/223988"}],"collection":[{"href":"https:\/\/archive.sana.sy\/es\/index.php?rest_route=\/wp\/v2\/posts"}],"about":[{"href":"https:\/\/archive.sana.sy\/es\/index.php?rest_route=\/wp\/v2\/types\/post"}],"author":[{"embeddable":true,"href":"https:\/\/archive.sana.sy\/es\/index.php?rest_route=\/wp\/v2\/users\/32"}],"replies":[{"embeddable":true,"href":"https:\/\/archive.sana.sy\/es\/index.php?rest_route=%2Fwp%2Fv2%2Fcomments&post=223988"}],"version-history":[{"count":0,"href":"https:\/\/archive.sana.sy\/es\/index.php?rest_route=\/wp\/v2\/posts\/223988\/revisions"}],"wp:featuredmedia":[{"embeddable":true,"href":"https:\/\/archive.sana.sy\/es\/index.php?rest_route=\/wp\/v2\/media\/223989"}],"wp:attachment":[{"href":"https:\/\/archive.sana.sy\/es\/index.php?rest_route=%2Fwp%2Fv2%2Fmedia&parent=223988"}],"wp:term":[{"taxonomy":"category","embeddable":true,"href":"https:\/\/archive.sana.sy\/es\/index.php?rest_route=%2Fwp%2Fv2%2Fcategories&post=223988"},{"taxonomy":"post_tag","embeddable":true,"href":"https:\/\/archive.sana.sy\/es\/index.php?rest_route=%2Fwp%2Fv2%2Ftags&post=223988"}],"curies":[{"name":"wp","href":"https:\/\/api.w.org\/{rel}","templated":true}]}}