{"id":223994,"date":"2022-03-17T12:42:48","date_gmt":"2022-03-17T10:42:48","guid":{"rendered":"http:\/\/107.6.182.27\/es\/?p=223994"},"modified":"2023-01-10T16:37:25","modified_gmt":"2023-01-10T14:37:25","slug":"rusia-destruye-un-deposito-de-misiles-para-el-sistema-tactico-tochka-u-en-el-noroeste-de-ucrania","status":"publish","type":"post","link":"https:\/\/archive.sana.sy\/es\/?p=223994","title":{"rendered":"Rusia destruye un dep\u00f3sito de misiles para el sistema t\u00e1ctico Tochka-U en el noroeste de Ucrania"},"content":{"rendered":"<p style=\"text-align: justify;\"><strong><span style=\"color: #800000;\">Mosc\u00fa, 17 mar (SANA)<\/span><\/strong>\u00a0 \u00a0 El portavoz del Ministerio de Defensa ruso, \u00cdgor Konash\u00e9nkov, inform\u00f3 en su actualizaci\u00f3n diaria sobre la operaci\u00f3n militar especial en Ucrania que las fuerzas rusas destruyeron con misiles guiados a un dep\u00f3sito de municiones que conten\u00edan, entre otros, misiles para el sistema t\u00e1ctico Tochka-U.<\/p>\n<p style=\"text-align: justify;\">Seg\u00fan el oficial, en las \u00faltimas 24 horas, las Fuerzas Aeroespaciales rusas derribaron dos helic\u00f3pteros ucranianos, un Mi-24 y un Mi-8, as\u00ed como 12 drones, incluidos tres Bayraktar TB2, de fabricaci\u00f3n turca.<\/p>\n<p style=\"text-align: justify;\">Agreg\u00f3 que fueron destruidos tambi\u00e9n 46 objetos militares ucranianos que incluyen 11 sistemas antia\u00e9reos, un sistema lanzacohetes m\u00faltiple, una estaci\u00f3n de lucha electr\u00f3nica, tres puestos de mando, siete dep\u00f3sitos de armas y municiones y 18 puntos de concentraci\u00f3n de equipos militares.<\/p>\n<p style=\"text-align: justify;\">Desde el inicio de la operaci\u00f3n militar especial se inhabilitaron 181 aviones y helic\u00f3pteros, 172 veh\u00edculos a\u00e9reos no tripulados, 170 sistemas de misiles tierra-aire, 1.379 tanques y otros veh\u00edculos blindados, 133 lanzacohetes m\u00faltiples, 514 piezas de artiller\u00eda de campa\u00f1a y morteros, y 1.168 veh\u00edculos militares especiales.<\/p>\n<p style=\"text-align: justify;\">fm\/ed<\/p>\n","protected":false},"excerpt":{"rendered":"<p>Mosc\u00fa, 17 mar (SANA)\u00a0 \u00a0 El portavoz del Ministerio de Defensa ruso, \u00cdgor Konash\u00e9nkov, inform\u00f3 en su actualizaci\u00f3n diaria sobre la operaci\u00f3n militar especial en Ucrania que las fuerzas rusas destruyeron con misiles guiados a un dep\u00f3sito de municiones que conten\u00edan, entre otros, misiles para el sistema t\u00e1ctico Tochka-U. Seg\u00fan el oficial, en las \u00faltimas &hellip;<\/p>\n","protected":false},"author":32,"featured_media":223995,"comment_status":"closed","ping_status":"closed","sticky":false,"template":"","format":"standard","meta":{"footnotes":""},"categories":[597,456,7541],"tags":[],"class_list":["post-223994","post","type-post","status-publish","format-standard","has-post-thumbnail","","category-cinta-de-noticias","category-arabe-internacional-politica","category-ultimas-noticias"],"_links":{"self":[{"href":"https:\/\/archive.sana.sy\/es\/index.php?rest_route=\/wp\/v2\/posts\/223994"}],"collection":[{"href":"https:\/\/archive.sana.sy\/es\/index.php?rest_route=\/wp\/v2\/posts"}],"about":[{"href":"https:\/\/archive.sana.sy\/es\/index.php?rest_route=\/wp\/v2\/types\/post"}],"author":[{"embeddable":true,"href":"https:\/\/archive.sana.sy\/es\/index.php?rest_route=\/wp\/v2\/users\/32"}],"replies":[{"embeddable":true,"href":"https:\/\/archive.sana.sy\/es\/index.php?rest_route=%2Fwp%2Fv2%2Fcomments&post=223994"}],"version-history":[{"count":0,"href":"https:\/\/archive.sana.sy\/es\/index.php?rest_route=\/wp\/v2\/posts\/223994\/revisions"}],"wp:featuredmedia":[{"embeddable":true,"href":"https:\/\/archive.sana.sy\/es\/index.php?rest_route=\/wp\/v2\/media\/223995"}],"wp:attachment":[{"href":"https:\/\/archive.sana.sy\/es\/index.php?rest_route=%2Fwp%2Fv2%2Fmedia&parent=223994"}],"wp:term":[{"taxonomy":"category","embeddable":true,"href":"https:\/\/archive.sana.sy\/es\/index.php?rest_route=%2Fwp%2Fv2%2Fcategories&post=223994"},{"taxonomy":"post_tag","embeddable":true,"href":"https:\/\/archive.sana.sy\/es\/index.php?rest_route=%2Fwp%2Fv2%2Ftags&post=223994"}],"curies":[{"name":"wp","href":"https:\/\/api.w.org\/{rel}","templated":true}]}}