{"id":224068,"date":"2022-03-17T19:43:27","date_gmt":"2022-03-17T17:43:27","guid":{"rendered":"http:\/\/107.6.182.27\/es\/?p=224068"},"modified":"2023-01-10T14:19:25","modified_gmt":"2023-01-10T12:19:25","slug":"canciller-al-mekdad-examina-con-jefe-de-programas-de-unmas-proceso-de-desminado-en-siria","status":"publish","type":"post","link":"https:\/\/archive.sana.sy\/es\/?p=224068","title":{"rendered":"Canciller al-Mekdad examina con jefe de Programas de UNMAS proceso de desminado en Siria"},"content":{"rendered":"<p style=\"text-align: justify\"><span style=\"color: #800000\"><strong>Damasco, 17 mar (SANA)<\/strong><\/span> El ministro de Asuntos Exteriores y Expatriados, Faisal Al-Mekdad, discuti\u00f3 hoy con Stephen Pritchard, jefe de Programas, Planificaci\u00f3n y Administraci\u00f3n del Servicio de Acci\u00f3n contra las Minas de las Naciones Unidas (UNMAS), la cooperaci\u00f3n conjunta en materia del desminado.<\/p>\n<p style=\"text-align: justify\">Al-Mekdad destac\u00f3 la importancia de apoyar los esfuerzos emprendidos por Siria en este campo con el fin de salvar la vida de los ciudadanos de las minas y artefactos explosivos abandonados por las organizaciones terroristas durante los a\u00f1os de la crisis, y permitir un retorno seguro de los desplazados a sus viviendas y zonas de origen.<\/p>\n<p style=\"text-align: justify\">\u201cSiria necesita esfuerzos sinceros de la comunidad internacional, incluida las Naciones Unidas, para lograr este gran desaf\u00edo en un momento en que los pa\u00edses occidentales contin\u00faan aplicando medidas coercitivas unilaterales que socavan los esfuerzos desempe\u00f1ados por el Estado sirio para brindar los servicios necesarios a sus ciudadanos\u201d, enfatiz\u00f3.<\/p>\n<p style=\"text-align: justify\">Inform\u00f3 que recientemente se form\u00f3 un comit\u00e9 nacional sobre remoci\u00f3n de minas con el objetivo de facilitar la coordinaci\u00f3n entre los organismos internacionales y las instituciones nacionales competentes al respecto.<\/p>\n<p style=\"text-align: justify\">Por su parte, Pritchard ensalz\u00f3 la cooperaci\u00f3n del gobierno sirio con UNMAS y los esfuerzos que est\u00e1 desempe\u00f1ando este \u00faltimo para facilitar el trabajo del organismo.<\/p>\n<p style=\"text-align: justify\">\nla<\/p>\n","protected":false},"excerpt":{"rendered":"<p>Damasco, 17 mar (SANA) El ministro de Asuntos Exteriores y Expatriados, Faisal Al-Mekdad, discuti\u00f3 hoy con Stephen Pritchard, jefe de Programas, Planificaci\u00f3n y Administraci\u00f3n del Servicio de Acci\u00f3n contra las Minas de las Naciones Unidas (UNMAS), la cooperaci\u00f3n conjunta en materia del desminado. Al-Mekdad destac\u00f3 la importancia de apoyar los esfuerzos emprendidos por Siria en &hellip;<\/p>\n","protected":false},"author":24,"featured_media":224069,"comment_status":"closed","ping_status":"closed","sticky":false,"template":"","format":"standard","meta":{"footnotes":""},"categories":[447,597,476,7541],"tags":[],"class_list":["post-224068","post","type-post","status-publish","format-standard","has-post-thumbnail","","category-local-politica","category-cinta-de-noticias","category-locales","category-ultimas-noticias"],"_links":{"self":[{"href":"https:\/\/archive.sana.sy\/es\/index.php?rest_route=\/wp\/v2\/posts\/224068"}],"collection":[{"href":"https:\/\/archive.sana.sy\/es\/index.php?rest_route=\/wp\/v2\/posts"}],"about":[{"href":"https:\/\/archive.sana.sy\/es\/index.php?rest_route=\/wp\/v2\/types\/post"}],"author":[{"embeddable":true,"href":"https:\/\/archive.sana.sy\/es\/index.php?rest_route=\/wp\/v2\/users\/24"}],"replies":[{"embeddable":true,"href":"https:\/\/archive.sana.sy\/es\/index.php?rest_route=%2Fwp%2Fv2%2Fcomments&post=224068"}],"version-history":[{"count":0,"href":"https:\/\/archive.sana.sy\/es\/index.php?rest_route=\/wp\/v2\/posts\/224068\/revisions"}],"wp:featuredmedia":[{"embeddable":true,"href":"https:\/\/archive.sana.sy\/es\/index.php?rest_route=\/wp\/v2\/media\/224069"}],"wp:attachment":[{"href":"https:\/\/archive.sana.sy\/es\/index.php?rest_route=%2Fwp%2Fv2%2Fmedia&parent=224068"}],"wp:term":[{"taxonomy":"category","embeddable":true,"href":"https:\/\/archive.sana.sy\/es\/index.php?rest_route=%2Fwp%2Fv2%2Fcategories&post=224068"},{"taxonomy":"post_tag","embeddable":true,"href":"https:\/\/archive.sana.sy\/es\/index.php?rest_route=%2Fwp%2Fv2%2Ftags&post=224068"}],"curies":[{"name":"wp","href":"https:\/\/api.w.org\/{rel}","templated":true}]}}