{"id":224117,"date":"2022-03-17T19:14:57","date_gmt":"2022-03-17T17:14:57","guid":{"rendered":"http:\/\/107.6.182.27\/es\/?p=224117"},"modified":"2023-01-10T14:19:25","modified_gmt":"2023-01-10T12:19:25","slug":"presidente-al-assad-siria-no-puede-apostar-por-el-cambio-de-occidente-en-el-futuro-previsible","status":"publish","type":"post","link":"https:\/\/archive.sana.sy\/es\/?p=224117","title":{"rendered":"Presidente Al-Assad: Siria no puede apostar por el cambio de Occidente en el futuro previsible"},"content":{"rendered":"<p style=\"text-align: justify;\"><span style=\"color: #800000;\"><strong>Damasco, 17 mar (SANA)\u00a0 \u00a0<\/strong><\/span>Con motivo del D\u00eda del Educador, el presidente Bashar al-Assad, se reuni\u00f3 hoy con docentes veteranos provenientes de todas las provincias sirias.<\/p>\n<p style=\"text-align: justify;\">En unas palabras, el mandatario explic\u00f3 que el conocimiento sin moral es nocivo, y sin patriotismo es destructiva para la patria, por lo cual el educador debe dar un buen ejemplo a sus estudiantes.<\/p>\n<p style=\"text-align: justify;\">Al-Assad: es necesario la creaci\u00f3n de una generaci\u00f3n capaz de enfrentar los retos y buscar las soluciones y no las espere<br \/>\nDestac\u00f3 la necesidad de crear una generaci\u00f3n capaz de enfrentar los retos y de buscar las soluciones y no las espere.<\/p>\n<p style=\"text-align: justify;\">El presidente al-Assad se\u00f1al\u00f3 que las nuevas generaciones deben aprender a dar y no a ser ego\u00edstas, y estar dispuestas a sacrificarse por su pa\u00eds y poner el inter\u00e9s del pueblo por encima de sus propios intereses.<\/p>\n<p style=\"text-align: justify;\">Resalt\u00f3 que la educaci\u00f3n concierne a cada individuo en la sociedad y llega a cada familia y especialidad, es decir, pr\u00e1cticamente toda la patria.<\/p>\n<p style=\"text-align: justify;\">Aclar\u00f3 que: \u201cla seguridad y la estabilidad del pa\u00eds dependen de la conciencia que es el elemento m\u00e1s importante, en particular la conciencia patri\u00f3tica. Todos los dem\u00e1s elementos de estabilidad son importantes, pero en ausencia del elemento de conciencia, no tienen valor, y por supuesto, la educaci\u00f3n es el elemento m\u00e1s importante en la formaci\u00f3n de esta conciencia\u201d.<\/p>\n<p style=\"text-align: justify;\">\u201cNos centramos en el trabajo para cerrar las principales brechas que consideramos m\u00e1s peligrosas, y algunos de estos aspectos negativos aparecieron en la guerra\u201d, indic\u00f3.<\/p>\n<p style=\"text-align: justify;\"><div class=\"box shadow  \"><div class=\"box-inner-block\"><i class=\"fa tie-shortcode-boxicon\"><\/i>\n\t\t\tAl-Assad: Siria no puede apostar por el cambio de Occidente en el futuro previsible\n\t\t\t<\/div><\/div>\n<p style=\"text-align: justify;\">\u201cOccidente no ha cambiado nada a lo largo de su historia hasta este momento, la \u00fanica diferencia es que Estados Unidos reemplaz\u00f3 a Gran Breta\u00f1a y Francia en los a\u00f1os cincuenta, y esos dos pa\u00edses, junto con el resto de pa\u00edses de occidente, se volvieron dependientes de la pol\u00edtica estadounidense, y Occidente ahora est\u00e1 m\u00e1s experimentado en la mentira y el enga\u00f1o y m\u00e1s ingenio en el uso de m\u00e1scaras enga\u00f1osas para enga\u00f1ar a diferentes pueblos y logr\u00f3 hacerlo durante d\u00e9cadas\u201d, dijo el presidente sirio Bashar Al-Assad.<\/p>\n<p style=\"text-align: justify;\">Seg\u00fan opin\u00f3, la verdad es que el mundo desde la ca\u00edda de la Uni\u00f3n Sovi\u00e9tica ha sido una selva, y los ladrones son Occidente; no hay derecho internacional y no hay instituciones internacionales&#8230; En cuanto a la libertad de expresi\u00f3n y de opini\u00f3n, que es uno de los cimientos m\u00e1s importantes de los que ostenta Occidente, cayeron al abismo; al menos desde que lleg\u00f3 George Bush Hijo hace unos 20 a\u00f1os. Ya todo el mundo occidental tiene una sola opini\u00f3n y todos se est\u00e1n moviendo en la misma direcci\u00f3n, sean gobiernos, grupos de presi\u00f3n, empresas, medios de comunicaci\u00f3n y, m\u00e1s recientemente, redes sociales.<\/p>\n<p style=\"text-align: justify;\">\u00bfDe qu\u00e9 Occidente democr\u00e1tico hablan si cuando Estados Unidos se enoja con Siria, de repente, todas las opiniones se convierten en una sola opini\u00f3n contra Siria, con la misma terminolog\u00eda?, se pregunt\u00f3.<\/p>\n<p style=\"text-align: justify;\">Al-Assad afirm\u00f3 que Siria no puede apostar a que Occidente cambie en el futuro previsible porque aquello que no ha sido cambiado por siglos no ser\u00e1 cambiado por d\u00e9cadas, y por lo tanto, no podemos tener en cuenta que ese Occidente jugar\u00e1 alg\u00fan un papel objetivo y justo o de ayuda en cualquiera de los temas que nos preocupan en Siria y en muchos otros pa\u00edses.<\/p>\n<p style=\"text-align: justify;\">fm\/sm<\/p>\n<div id='gallery-1' class='gallery galleryid-224117 gallery-columns-1 gallery-size-full'><figure class='gallery-item'>\n\t\t\t<div class='gallery-icon landscape'>\n\t\t\t\t<a href='https:\/\/archive.sana.sy\/es\/?attachment_id=224118'><img loading=\"lazy\" decoding=\"async\" width=\"2560\" height=\"1545\" src=\"https:\/\/archive.sana.sy\/es\/wp-content\/uploads\/2022\/03\/22.03.17.MP-\u062d\u0641\u0644-\u0639\u064a\u062f-\u0627\u0644\u0645\u0639\u0644\u0645-19-1-scaled.jpg\" class=\"attachment-full size-full\" alt=\"\" srcset=\"https:\/\/archive.sana.sy\/es\/wp-content\/uploads\/2022\/03\/22.03.17.MP-\u062d\u0641\u0644-\u0639\u064a\u062f-\u0627\u0644\u0645\u0639\u0644\u0645-19-1-scaled.jpg 2560w, https:\/\/archive.sana.sy\/es\/wp-content\/uploads\/2022\/03\/22.03.17.MP-\u062d\u0641\u0644-\u0639\u064a\u062f-\u0627\u0644\u0645\u0639\u0644\u0645-19-1-300x181.jpg 300w, https:\/\/archive.sana.sy\/es\/wp-content\/uploads\/2022\/03\/22.03.17.MP-\u062d\u0641\u0644-\u0639\u064a\u062f-\u0627\u0644\u0645\u0639\u0644\u0645-19-1-1024x618.jpg 1024w, https:\/\/archive.sana.sy\/es\/wp-content\/uploads\/2022\/03\/22.03.17.MP-\u062d\u0641\u0644-\u0639\u064a\u062f-\u0627\u0644\u0645\u0639\u0644\u0645-19-1-150x91.jpg 150w, https:\/\/archive.sana.sy\/es\/wp-content\/uploads\/2022\/03\/22.03.17.MP-\u062d\u0641\u0644-\u0639\u064a\u062f-\u0627\u0644\u0645\u0639\u0644\u0645-19-1-768x463.jpg 768w, https:\/\/archive.sana.sy\/es\/wp-content\/uploads\/2022\/03\/22.03.17.MP-\u062d\u0641\u0644-\u0639\u064a\u062f-\u0627\u0644\u0645\u0639\u0644\u0645-19-1-1536x927.jpg 1536w, https:\/\/archive.sana.sy\/es\/wp-content\/uploads\/2022\/03\/22.03.17.MP-\u062d\u0641\u0644-\u0639\u064a\u062f-\u0627\u0644\u0645\u0639\u0644\u0645-19-1-2048x1236.jpg 2048w\" sizes=\"(max-width: 2560px) 100vw, 2560px\" \/><\/a>\n\t\t\t<\/div><\/figure><figure class='gallery-item'>\n\t\t\t<div class='gallery-icon landscape'>\n\t\t\t\t<a href='https:\/\/archive.sana.sy\/es\/?attachment_id=224119'><img loading=\"lazy\" decoding=\"async\" width=\"2560\" height=\"1671\" src=\"https:\/\/archive.sana.sy\/es\/wp-content\/uploads\/2022\/03\/22.03.17.MP-\u062d\u0641\u0644-\u0639\u064a\u062f-\u0627\u0644\u0645\u0639\u0644\u0645-23-scaled.jpg\" class=\"attachment-full size-full\" alt=\"\" srcset=\"https:\/\/archive.sana.sy\/es\/wp-content\/uploads\/2022\/03\/22.03.17.MP-\u062d\u0641\u0644-\u0639\u064a\u062f-\u0627\u0644\u0645\u0639\u0644\u0645-23-scaled.jpg 2560w, https:\/\/archive.sana.sy\/es\/wp-content\/uploads\/2022\/03\/22.03.17.MP-\u062d\u0641\u0644-\u0639\u064a\u062f-\u0627\u0644\u0645\u0639\u0644\u0645-23-300x196.jpg 300w, https:\/\/archive.sana.sy\/es\/wp-content\/uploads\/2022\/03\/22.03.17.MP-\u062d\u0641\u0644-\u0639\u064a\u062f-\u0627\u0644\u0645\u0639\u0644\u0645-23-1024x669.jpg 1024w, https:\/\/archive.sana.sy\/es\/wp-content\/uploads\/2022\/03\/22.03.17.MP-\u062d\u0641\u0644-\u0639\u064a\u062f-\u0627\u0644\u0645\u0639\u0644\u0645-23-150x98.jpg 150w, https:\/\/archive.sana.sy\/es\/wp-content\/uploads\/2022\/03\/22.03.17.MP-\u062d\u0641\u0644-\u0639\u064a\u062f-\u0627\u0644\u0645\u0639\u0644\u0645-23-768x501.jpg 768w, https:\/\/archive.sana.sy\/es\/wp-content\/uploads\/2022\/03\/22.03.17.MP-\u062d\u0641\u0644-\u0639\u064a\u062f-\u0627\u0644\u0645\u0639\u0644\u0645-23-1536x1003.jpg 1536w, https:\/\/archive.sana.sy\/es\/wp-content\/uploads\/2022\/03\/22.03.17.MP-\u062d\u0641\u0644-\u0639\u064a\u062f-\u0627\u0644\u0645\u0639\u0644\u0645-23-2048x1337.jpg 2048w\" sizes=\"(max-width: 2560px) 100vw, 2560px\" \/><\/a>\n\t\t\t<\/div><\/figure><figure class='gallery-item'>\n\t\t\t<div class='gallery-icon landscape'>\n\t\t\t\t<a href='https:\/\/archive.sana.sy\/es\/?attachment_id=224120'><img loading=\"lazy\" decoding=\"async\" width=\"2560\" height=\"1608\" src=\"https:\/\/archive.sana.sy\/es\/wp-content\/uploads\/2022\/03\/22.03.17.MP-\u062d\u0641\u0644-\u0639\u064a\u062f-\u0627\u0644\u0645\u0639\u0644\u0645-27-1-scaled.jpg\" class=\"attachment-full size-full\" alt=\"\" srcset=\"https:\/\/archive.sana.sy\/es\/wp-content\/uploads\/2022\/03\/22.03.17.MP-\u062d\u0641\u0644-\u0639\u064a\u062f-\u0627\u0644\u0645\u0639\u0644\u0645-27-1-scaled.jpg 2560w, https:\/\/archive.sana.sy\/es\/wp-content\/uploads\/2022\/03\/22.03.17.MP-\u062d\u0641\u0644-\u0639\u064a\u062f-\u0627\u0644\u0645\u0639\u0644\u0645-27-1-300x188.jpg 300w, https:\/\/archive.sana.sy\/es\/wp-content\/uploads\/2022\/03\/22.03.17.MP-\u062d\u0641\u0644-\u0639\u064a\u062f-\u0627\u0644\u0645\u0639\u0644\u0645-27-1-1024x643.jpg 1024w, https:\/\/archive.sana.sy\/es\/wp-content\/uploads\/2022\/03\/22.03.17.MP-\u062d\u0641\u0644-\u0639\u064a\u062f-\u0627\u0644\u0645\u0639\u0644\u0645-27-1-150x94.jpg 150w, https:\/\/archive.sana.sy\/es\/wp-content\/uploads\/2022\/03\/22.03.17.MP-\u062d\u0641\u0644-\u0639\u064a\u062f-\u0627\u0644\u0645\u0639\u0644\u0645-27-1-768x483.jpg 768w, https:\/\/archive.sana.sy\/es\/wp-content\/uploads\/2022\/03\/22.03.17.MP-\u062d\u0641\u0644-\u0639\u064a\u062f-\u0627\u0644\u0645\u0639\u0644\u0645-27-1-1536x965.jpg 1536w, https:\/\/archive.sana.sy\/es\/wp-content\/uploads\/2022\/03\/22.03.17.MP-\u062d\u0641\u0644-\u0639\u064a\u062f-\u0627\u0644\u0645\u0639\u0644\u0645-27-1-2048x1287.jpg 2048w\" sizes=\"(max-width: 2560px) 100vw, 2560px\" \/><\/a>\n\t\t\t<\/div><\/figure><figure class='gallery-item'>\n\t\t\t<div class='gallery-icon landscape'>\n\t\t\t\t<a href='https:\/\/archive.sana.sy\/es\/?attachment_id=224121'><img loading=\"lazy\" decoding=\"async\" width=\"2560\" height=\"1707\" src=\"https:\/\/archive.sana.sy\/es\/wp-content\/uploads\/2022\/03\/22.03.17.MP-\u062d\u0641\u0644-\u0639\u064a\u062f-\u0627\u0644\u0645\u0639\u0644\u0645-37-scaled.jpg\" class=\"attachment-full size-full\" alt=\"\" srcset=\"https:\/\/archive.sana.sy\/es\/wp-content\/uploads\/2022\/03\/22.03.17.MP-\u062d\u0641\u0644-\u0639\u064a\u062f-\u0627\u0644\u0645\u0639\u0644\u0645-37-scaled.jpg 2560w, https:\/\/archive.sana.sy\/es\/wp-content\/uploads\/2022\/03\/22.03.17.MP-\u062d\u0641\u0644-\u0639\u064a\u062f-\u0627\u0644\u0645\u0639\u0644\u0645-37-300x200.jpg 300w, https:\/\/archive.sana.sy\/es\/wp-content\/uploads\/2022\/03\/22.03.17.MP-\u062d\u0641\u0644-\u0639\u064a\u062f-\u0627\u0644\u0645\u0639\u0644\u0645-37-1024x683.jpg 1024w, https:\/\/archive.sana.sy\/es\/wp-content\/uploads\/2022\/03\/22.03.17.MP-\u062d\u0641\u0644-\u0639\u064a\u062f-\u0627\u0644\u0645\u0639\u0644\u0645-37-150x100.jpg 150w, https:\/\/archive.sana.sy\/es\/wp-content\/uploads\/2022\/03\/22.03.17.MP-\u062d\u0641\u0644-\u0639\u064a\u062f-\u0627\u0644\u0645\u0639\u0644\u0645-37-768x512.jpg 768w, https:\/\/archive.sana.sy\/es\/wp-content\/uploads\/2022\/03\/22.03.17.MP-\u062d\u0641\u0644-\u0639\u064a\u062f-\u0627\u0644\u0645\u0639\u0644\u0645-37-1536x1024.jpg 1536w, https:\/\/archive.sana.sy\/es\/wp-content\/uploads\/2022\/03\/22.03.17.MP-\u062d\u0641\u0644-\u0639\u064a\u062f-\u0627\u0644\u0645\u0639\u0644\u0645-37-2048x1365.jpg 2048w\" sizes=\"(max-width: 2560px) 100vw, 2560px\" \/><\/a>\n\t\t\t<\/div><\/figure><figure class='gallery-item'>\n\t\t\t<div class='gallery-icon landscape'>\n\t\t\t\t<a href='https:\/\/archive.sana.sy\/es\/?attachment_id=224122'><img loading=\"lazy\" decoding=\"async\" width=\"2560\" height=\"1454\" src=\"https:\/\/archive.sana.sy\/es\/wp-content\/uploads\/2022\/03\/22.03.17.MP-\u062d\u0641\u0644-\u0639\u064a\u062f-\u0627\u0644\u0645\u0639\u0644\u0645-42-1-scaled.jpg\" class=\"attachment-full size-full\" alt=\"\" srcset=\"https:\/\/archive.sana.sy\/es\/wp-content\/uploads\/2022\/03\/22.03.17.MP-\u062d\u0641\u0644-\u0639\u064a\u062f-\u0627\u0644\u0645\u0639\u0644\u0645-42-1-scaled.jpg 2560w, https:\/\/archive.sana.sy\/es\/wp-content\/uploads\/2022\/03\/22.03.17.MP-\u062d\u0641\u0644-\u0639\u064a\u062f-\u0627\u0644\u0645\u0639\u0644\u0645-42-1-300x170.jpg 300w, https:\/\/archive.sana.sy\/es\/wp-content\/uploads\/2022\/03\/22.03.17.MP-\u062d\u0641\u0644-\u0639\u064a\u062f-\u0627\u0644\u0645\u0639\u0644\u0645-42-1-1024x582.jpg 1024w, https:\/\/archive.sana.sy\/es\/wp-content\/uploads\/2022\/03\/22.03.17.MP-\u062d\u0641\u0644-\u0639\u064a\u062f-\u0627\u0644\u0645\u0639\u0644\u0645-42-1-150x85.jpg 150w, https:\/\/archive.sana.sy\/es\/wp-content\/uploads\/2022\/03\/22.03.17.MP-\u062d\u0641\u0644-\u0639\u064a\u062f-\u0627\u0644\u0645\u0639\u0644\u0645-42-1-768x436.jpg 768w, https:\/\/archive.sana.sy\/es\/wp-content\/uploads\/2022\/03\/22.03.17.MP-\u062d\u0641\u0644-\u0639\u064a\u062f-\u0627\u0644\u0645\u0639\u0644\u0645-42-1-1536x872.jpg 1536w, https:\/\/archive.sana.sy\/es\/wp-content\/uploads\/2022\/03\/22.03.17.MP-\u062d\u0641\u0644-\u0639\u064a\u062f-\u0627\u0644\u0645\u0639\u0644\u0645-42-1-2048x1163.jpg 2048w\" sizes=\"(max-width: 2560px) 100vw, 2560px\" \/><\/a>\n\t\t\t<\/div><\/figure>\n\t\t<\/div>\n\n","protected":false},"excerpt":{"rendered":"<p>Damasco, 17 mar (SANA)\u00a0 \u00a0Con motivo del D\u00eda del Educador, el presidente Bashar al-Assad, se reuni\u00f3 hoy con docentes veteranos provenientes de todas las provincias sirias. En unas palabras, el mandatario explic\u00f3 que el conocimiento sin moral es nocivo, y sin patriotismo es destructiva para la patria, por lo cual el educador debe dar un &hellip;<\/p>\n","protected":false},"author":39,"featured_media":224123,"comment_status":"closed","ping_status":"closed","sticky":false,"template":"","format":"standard","meta":{"footnotes":""},"categories":[447,477,597,573,476,457,16237,583,626],"tags":[],"class_list":["post-224117","post","type-post","status-publish","format-standard","has-post-thumbnail","","category-local-politica","category-noticias-edulcorantes","category-cinta-de-noticias","category-la-realidad-de-los-acontecimientos-en-siria","category-locales","category-noticias-arabe-internacional-politica","category-presidence-de-la-republique-arabe-syria","category-slide","category-sr-presidente"],"_links":{"self":[{"href":"https:\/\/archive.sana.sy\/es\/index.php?rest_route=\/wp\/v2\/posts\/224117"}],"collection":[{"href":"https:\/\/archive.sana.sy\/es\/index.php?rest_route=\/wp\/v2\/posts"}],"about":[{"href":"https:\/\/archive.sana.sy\/es\/index.php?rest_route=\/wp\/v2\/types\/post"}],"author":[{"embeddable":true,"href":"https:\/\/archive.sana.sy\/es\/index.php?rest_route=\/wp\/v2\/users\/39"}],"replies":[{"embeddable":true,"href":"https:\/\/archive.sana.sy\/es\/index.php?rest_route=%2Fwp%2Fv2%2Fcomments&post=224117"}],"version-history":[{"count":0,"href":"https:\/\/archive.sana.sy\/es\/index.php?rest_route=\/wp\/v2\/posts\/224117\/revisions"}],"wp:featuredmedia":[{"embeddable":true,"href":"https:\/\/archive.sana.sy\/es\/index.php?rest_route=\/wp\/v2\/media\/224123"}],"wp:attachment":[{"href":"https:\/\/archive.sana.sy\/es\/index.php?rest_route=%2Fwp%2Fv2%2Fmedia&parent=224117"}],"wp:term":[{"taxonomy":"category","embeddable":true,"href":"https:\/\/archive.sana.sy\/es\/index.php?rest_route=%2Fwp%2Fv2%2Fcategories&post=224117"},{"taxonomy":"post_tag","embeddable":true,"href":"https:\/\/archive.sana.sy\/es\/index.php?rest_route=%2Fwp%2Fv2%2Ftags&post=224117"}],"curies":[{"name":"wp","href":"https:\/\/api.w.org\/{rel}","templated":true}]}}