{"id":224127,"date":"2022-03-18T00:43:45","date_gmt":"2022-03-17T22:43:45","guid":{"rendered":"http:\/\/107.6.182.27\/es\/?p=224127"},"modified":"2023-01-10T16:37:24","modified_gmt":"2023-01-10T14:37:24","slug":"que-significaria-el-estatus-neutral-de-ucrania","status":"publish","type":"post","link":"https:\/\/archive.sana.sy\/es\/?p=224127","title":{"rendered":"\u00bfQu\u00e9 significar\u00eda el estatus neutral de Ucrania?"},"content":{"rendered":"<p style=\"text-align: justify;\"><span style=\"color: #800000;\"><strong>Damasco, 18 mar (SANA)\u00a0<\/strong> <\/span>\u00a0En las conversaciones entre Mosc\u00fa y Kiev se discute la fijaci\u00f3n del estatus de Ucrania como Estado neutral desmilitarizado en la versi\u00f3n austriaca o sueca, confirm\u00f3 el portavoz de Vlad\u00edmir Putin, Dmitri Peskov. Subray\u00f3 que esta propuesta podr\u00eda convertirse en un compromiso en las negociaciones entre los dos pa\u00edses.<\/p>\n<p style=\"text-align: justify;\">&#8220;Se trata de una opci\u00f3n que efectivamente se aborda ahora y que se puede ver como un verdadero compromiso&#8221;, dijo Peskov ante la prensa.<\/p>\n<p style=\"text-align: justify;\">Seg\u00fan el jefe de la delegaci\u00f3n rusa en las negociaciones, Vlad\u00edmir Medinski, la parte ucraniana ha propuesto el modelo austriaco o sueco y las cuestiones se discuten a nivel de los responsables de los ministerios de defensa ruso y ucraniano.<\/p>\n<p style=\"text-align: justify;\">Ambos modelos implican que el pa\u00eds se niega a unirse a bloques militares y a albergar bases militares extranjeras en su territorio, pero tendr\u00e1 su propio ej\u00e9rcito y marina, detall\u00f3 Medinski.<\/p>\n<p style=\"text-align: justify;\">Por su parte, el analista pol\u00edtico Marat Bashirov ve una buena se\u00f1al en la propuesta.<\/p>\n<p style=\"text-align: justify;\">&#8220;Esto sugiere que Ucrania, en principio, est\u00e1 lista para reconocer el estado fuera del bloque, porque Austria y Suecia no forman parte del bloque de la OTAN, as\u00ed como porque sus ej\u00e9rcitos son principalmente defensivos&#8221;, explic\u00f3 a Sputnik el experto.<\/p>\n<p style=\"text-align: justify;\">El modelo austriaco<\/p>\n<p style=\"text-align: justify;\">La neutralidad austriaca se desarroll\u00f3 despu\u00e9s de la Segunda Guerra Mundial cuando los aliados de la coalici\u00f3n antihitleriana no lograron ponerse de acuerdo sobre el futuro de Austria: si se unir\u00eda al campo socialista o seguir\u00eda el camino de los pa\u00edses occidentales.<\/p>\n<p style=\"text-align: justify;\">La soluci\u00f3n fue la declaraci\u00f3n de independencia de 1955 y el estatus de neutralidad que consigui\u00f3 Austria. El pa\u00eds se neg\u00f3 participar en alianzas militares y ning\u00fan otro pa\u00eds o bloque pod\u00eda tener fuerzas armadas en su territorio. Este estatus permiti\u00f3 a Austria recibir garant\u00edas de seguridad de EEUU, ya que en aquel entonces ten\u00eda fronteras con los pa\u00edses de los dos bloques opuestos.<\/p>\n<p style=\"text-align: justify;\">Tras el colapso del bloque socialista, la neutral Austria se encontr\u00f3 bajo el paraguas de la OTAN: s\u00f3lo Suiza o Liechtenstein podr\u00edan atacarla sin violar las fronteras de los dem\u00e1s pa\u00edses de la alianza.<\/p>\n<p style=\"text-align: justify;\">A pesar de su negativa a participar en alianzas militares, Austria participa en varios programas militares de la OTAN, asiste a la alianza en operaciones de combate y es miembro de la estructura de seguridad de la Uni\u00f3n Europea.<\/p>\n<p style=\"text-align: justify;\">El Ej\u00e9rcito de Austria cuenta con unos 50 mil militares y unas 350 unidades de equipo militar que sirven para proteger la neutralidad del pa\u00eds.<\/p>\n<p style=\"text-align: justify;\">En opini\u00f3n de Bashirov, el reformateo de las fuerzas armadas de Ucrania de acuerdo con el modelo austriaco podr\u00eda ser el camino correcto, pero en este caso surgen muchas preguntas.<\/p>\n<p style=\"text-align: justify;\">&#8220;\u00bfA d\u00f3nde ir\u00e1 el resto del equipo militar ucraniano que se concentra, por ejemplo, cerca de Donetsk y all\u00ed est\u00e1 el grupo m\u00e1s poderoso de las fuerzas armadas de Ucrania?&#8221;, cuestiona Bashirov.<\/p>\n<p style=\"text-align: justify;\">El modelo sueco<\/p>\n<p style=\"text-align: justify;\">La neutralidad sueca tiene una historia mucho m\u00e1s larga que la austriaca. Las guerras perdidas en el siglo 18 y la p\u00e9rdida de Finlandia en 1809 pusieron fin a los intentos de la restauraci\u00f3n del Imperio Sueco.<\/p>\n<p style=\"text-align: justify;\">Es entonces cuando comienza a imponerse la neutralidad sueca, es decir, la no participaci\u00f3n en conflictos militares y alianzas militares, la negativa a adquirir territorio y el desarrollo estable de la econom\u00eda propia.<\/p>\n<p style=\"text-align: justify;\">Con el fin de la Segunda Guerra Mundial y el estallido de la Guerra Fr\u00eda, Suecia se mantuvo fiel a s\u00ed misma: no entr\u00f3 en la OTAN ni en el Bloque del Este.<\/p>\n<p style=\"text-align: justify;\">Sin embargo, la neutralidad sueca no era completa. En los a\u00f1os de posguerra, cooper\u00f3 activamente con los pa\u00edses occidentales y la inteligencia estadounidense y, tras el colapso del campo socialista y de la URSS, esta cooperaci\u00f3n no ha hecho m\u00e1s que intensificarse.<\/p>\n<p style=\"text-align: justify;\">Estocolmo fue uno de los primeros participantes en el programa de la Asociaci\u00f3n para la Paz de la OTAN en 1994, y el Ej\u00e9rcito sueco y de la Alianza realizan regularmente ejercicios militares conjuntos.<\/p>\n<p style=\"text-align: justify;\">El modelo sueco es significativamente diferente del austriaco y prev\u00e9 un complejo militar-industrial bastante desarrollado.<\/p>\n<p style=\"text-align: justify;\">&#8220;A diferencia del modelo austriaco, Suecia tiene un complejo industrial militar muy poderoso. Esta, por cierto, es una de las razones por las que Suecia no se une a la OTAN. En caso contrario, tendr\u00edan que abandonar su propia producci\u00f3n y cambiar a las armas de acuerdo con los est\u00e1ndares de la OTAN&#8221;, explic\u00f3 el analista Bashirov.<\/p>\n<p style=\"text-align: justify;\">Concepto de neutralidad de un Estado<\/p>\n<p style=\"text-align: justify;\">Seg\u00fan el derecho internacional, un Estado neutral es aquel que no participa en una guerra y adopta una posici\u00f3n neutral frente a todas las partes beligerantes.<\/p>\n<p style=\"text-align: justify;\">El especialista en derecho militar internacional Vladan Joncic se\u00f1al\u00f3 que no basta con que un Estado declare su neutralidad, sino que debe ser aceptado y reconocido por la comunidad internacional.<\/p>\n<p style=\"text-align: justify;\">En su opini\u00f3n, Suecia no es un Estado neutral porque no se ha declarado como tal, a diferencia de Austria.<\/p>\n<p style=\"text-align: justify;\">Suecia ha sido neutral en dos guerras mundiales, y debido a este papel hist\u00f3rico y al hecho de que no es miembro de la OTAN, se considera neutral, pero su pol\u00edtica exterior es muy cercana a la de Occidente, subray\u00f3.<\/p>\n<p style=\"text-align: justify;\">Al mismo tiempo, destac\u00f3 que el mismo concepto de neutralidad hoy en d\u00eda se convierte en un concepto relativo. Lo ilustr\u00f3 con el \u00faltimo paso del \u00fanico Estado constantemente neutral: Suiza. Despu\u00e9s de 207 a\u00f1os de no intervenci\u00f3n en la pol\u00edtica mundial y europea, este pa\u00eds decidi\u00f3 unirse a las sanciones econ\u00f3micas antirrusas de Occidente. En opini\u00f3n del experto, esto no se ajusta al principio de neutralidad.<\/p>\n<p style=\"text-align: justify;\">&#8220;Las demandas de Rusia, aunque parecen infundadas para algunos pa\u00edses occidentales, tienen una base profunda, especialmente porque los estadounidenses prometieron una cosa e hicieron otra. Despu\u00e9s de todo, han cometido tantas agresiones en todo el mundo, incluso contra la Rep\u00fablica Federativa de Yugoslavia, todo en contra del derecho internacional&#8221;, finaliz\u00f3 Joncic.<\/p>\n<p style=\"text-align: justify;\">Fuente: Sputnik<\/p>\n","protected":false},"excerpt":{"rendered":"<p>Damasco, 18 mar (SANA)\u00a0 \u00a0En las conversaciones entre Mosc\u00fa y Kiev se discute la fijaci\u00f3n del estatus de Ucrania como Estado neutral desmilitarizado en la versi\u00f3n austriaca o sueca, confirm\u00f3 el portavoz de Vlad\u00edmir Putin, Dmitri Peskov. Subray\u00f3 que esta propuesta podr\u00eda convertirse en un compromiso en las negociaciones entre los dos pa\u00edses. &#8220;Se trata &hellip;<\/p>\n","protected":false},"author":39,"featured_media":224128,"comment_status":"closed","ping_status":"closed","sticky":false,"template":"","format":"standard","meta":{"footnotes":""},"categories":[16929,597,456,457,7541],"tags":[],"class_list":["post-224127","post","type-post","status-publish","format-standard","has-post-thumbnail","","category-articulos-de-opinion","category-cinta-de-noticias","category-arabe-internacional-politica","category-noticias-arabe-internacional-politica","category-ultimas-noticias"],"_links":{"self":[{"href":"https:\/\/archive.sana.sy\/es\/index.php?rest_route=\/wp\/v2\/posts\/224127"}],"collection":[{"href":"https:\/\/archive.sana.sy\/es\/index.php?rest_route=\/wp\/v2\/posts"}],"about":[{"href":"https:\/\/archive.sana.sy\/es\/index.php?rest_route=\/wp\/v2\/types\/post"}],"author":[{"embeddable":true,"href":"https:\/\/archive.sana.sy\/es\/index.php?rest_route=\/wp\/v2\/users\/39"}],"replies":[{"embeddable":true,"href":"https:\/\/archive.sana.sy\/es\/index.php?rest_route=%2Fwp%2Fv2%2Fcomments&post=224127"}],"version-history":[{"count":0,"href":"https:\/\/archive.sana.sy\/es\/index.php?rest_route=\/wp\/v2\/posts\/224127\/revisions"}],"wp:featuredmedia":[{"embeddable":true,"href":"https:\/\/archive.sana.sy\/es\/index.php?rest_route=\/wp\/v2\/media\/224128"}],"wp:attachment":[{"href":"https:\/\/archive.sana.sy\/es\/index.php?rest_route=%2Fwp%2Fv2%2Fmedia&parent=224127"}],"wp:term":[{"taxonomy":"category","embeddable":true,"href":"https:\/\/archive.sana.sy\/es\/index.php?rest_route=%2Fwp%2Fv2%2Fcategories&post=224127"},{"taxonomy":"post_tag","embeddable":true,"href":"https:\/\/archive.sana.sy\/es\/index.php?rest_route=%2Fwp%2Fv2%2Ftags&post=224127"}],"curies":[{"name":"wp","href":"https:\/\/api.w.org\/{rel}","templated":true}]}}