{"id":224217,"date":"2022-03-18T16:07:12","date_gmt":"2022-03-18T14:07:12","guid":{"rendered":"http:\/\/107.6.182.27\/es\/?p=224217"},"modified":"2023-01-10T16:37:22","modified_gmt":"2023-01-10T14:37:22","slug":"ejercito-ruso-destruye-plataformas-del-lanzamiento-de-misiles-balisticos-de-los-nacionalistas-ucranianos","status":"publish","type":"post","link":"https:\/\/archive.sana.sy\/es\/?p=224217","title":{"rendered":"Ej\u00e9rcito ruso destruye plataformas del lanzamiento de misiles bal\u00edsticos de los nacionalistas ucranianos"},"content":{"rendered":"<p style=\"text-align: justify;\"><span style=\"color: #800000;\"><strong>Mosc\u00fa, 18 mar (SANA)\u00a0<\/strong> <\/span>\u00a0El Ministerio de Defensa ruso anunci\u00f3 que los sistemas de defensa a\u00e9rea destruyeron plataformas del lanzamiento de misiles bal\u00edsticos de los nacionalistas ucranianos y repelieron un ataque con misiles contra Melitopol.<\/p>\n<p style=\"text-align: justify;\">\u201cLas Fuerzas Armadas rusas dispararon dos misiles tipo Iskander que destruyeron a plataformas de misiles bal\u00edsticos de los nacionalistas ucranianos\u201d, inform\u00f3 el portavoz del Ministerio, el mayor general, Igor Konashenkov, durante una rueda de prensa hoy.<\/p>\n<p style=\"text-align: justify;\">Agreg\u00f3 que en la noche del 18 de marzo, las \u00e1reas residenciales de la ciudad de Melitopol fueron atacadas con misiles Tochka-U con ojivas de racimo desde el territorio controlado por el r\u00e9gimen nacionalista de Kiev, y los sistemas de defensa a\u00e9rea rusos repelieron un ataque con misiles contra civiles en la ciudad.&#8221;<\/p>\n<p style=\"text-align: justify;\">El vocero del Ministerio se\u00f1al\u00f3 que el uso de misiles bal\u00edsticos por parte de Kiev contra los civiles confirma la naturaleza criminal de este r\u00e9gimen.<\/p>\n<p style=\"text-align: justify;\">sm\/fm<\/p>\n","protected":false},"excerpt":{"rendered":"<p>Mosc\u00fa, 18 mar (SANA)\u00a0 \u00a0El Ministerio de Defensa ruso anunci\u00f3 que los sistemas de defensa a\u00e9rea destruyeron plataformas del lanzamiento de misiles bal\u00edsticos de los nacionalistas ucranianos y repelieron un ataque con misiles contra Melitopol. \u201cLas Fuerzas Armadas rusas dispararon dos misiles tipo Iskander que destruyeron a plataformas de misiles bal\u00edsticos de los nacionalistas ucranianos\u201d, &hellip;<\/p>\n","protected":false},"author":39,"featured_media":224218,"comment_status":"closed","ping_status":"closed","sticky":false,"template":"","format":"standard","meta":{"footnotes":""},"categories":[597,456,457,7541],"tags":[],"class_list":["post-224217","post","type-post","status-publish","format-standard","has-post-thumbnail","","category-cinta-de-noticias","category-arabe-internacional-politica","category-noticias-arabe-internacional-politica","category-ultimas-noticias"],"_links":{"self":[{"href":"https:\/\/archive.sana.sy\/es\/index.php?rest_route=\/wp\/v2\/posts\/224217"}],"collection":[{"href":"https:\/\/archive.sana.sy\/es\/index.php?rest_route=\/wp\/v2\/posts"}],"about":[{"href":"https:\/\/archive.sana.sy\/es\/index.php?rest_route=\/wp\/v2\/types\/post"}],"author":[{"embeddable":true,"href":"https:\/\/archive.sana.sy\/es\/index.php?rest_route=\/wp\/v2\/users\/39"}],"replies":[{"embeddable":true,"href":"https:\/\/archive.sana.sy\/es\/index.php?rest_route=%2Fwp%2Fv2%2Fcomments&post=224217"}],"version-history":[{"count":0,"href":"https:\/\/archive.sana.sy\/es\/index.php?rest_route=\/wp\/v2\/posts\/224217\/revisions"}],"wp:featuredmedia":[{"embeddable":true,"href":"https:\/\/archive.sana.sy\/es\/index.php?rest_route=\/wp\/v2\/media\/224218"}],"wp:attachment":[{"href":"https:\/\/archive.sana.sy\/es\/index.php?rest_route=%2Fwp%2Fv2%2Fmedia&parent=224217"}],"wp:term":[{"taxonomy":"category","embeddable":true,"href":"https:\/\/archive.sana.sy\/es\/index.php?rest_route=%2Fwp%2Fv2%2Fcategories&post=224217"},{"taxonomy":"post_tag","embeddable":true,"href":"https:\/\/archive.sana.sy\/es\/index.php?rest_route=%2Fwp%2Fv2%2Ftags&post=224217"}],"curies":[{"name":"wp","href":"https:\/\/api.w.org\/{rel}","templated":true}]}}