{"id":224227,"date":"2022-03-18T16:49:18","date_gmt":"2022-03-18T14:49:18","guid":{"rendered":"http:\/\/107.6.182.27\/es\/?p=224227"},"modified":"2022-03-18T17:14:00","modified_gmt":"2022-03-18T15:14:00","slug":"el-delegado-permanente-de-siria-ante-la-oficina-de-las-naciones-unidas-en-ginebra-el-embajador-husam-el-din-ala-afirma-durante-una-sesion-del-consejo-de-derechos-humanos-que-siria-rechaza-de-manera","status":"publish","type":"post","link":"https:\/\/archive.sana.sy\/es\/?p=224227","title":{"rendered":"El delegado permanente de Siria ante la Oficina de las Naciones Unidas en Ginebra, el embajador Husam El-Din Ala, afirma durante una sesi\u00f3n del Consejo de Derechos Humanos, que Siria rechaza de manera contundente el mandato del Comit\u00e9 de Investigaci\u00f3n y sus informes falsos, y exige poner fin a este mandato politizado"},"content":{"rendered":"","protected":false},"excerpt":{"rendered":"","protected":false},"author":39,"featured_media":0,"comment_status":"closed","ping_status":"closed","sticky":false,"template":"","format":"standard","meta":{"footnotes":""},"categories":[596,1],"tags":[],"class_list":["post-224227","post","type-post","status-publish","format-standard","","category-urgente","category-news-not-sorted"],"_links":{"self":[{"href":"https:\/\/archive.sana.sy\/es\/index.php?rest_route=\/wp\/v2\/posts\/224227"}],"collection":[{"href":"https:\/\/archive.sana.sy\/es\/index.php?rest_route=\/wp\/v2\/posts"}],"about":[{"href":"https:\/\/archive.sana.sy\/es\/index.php?rest_route=\/wp\/v2\/types\/post"}],"author":[{"embeddable":true,"href":"https:\/\/archive.sana.sy\/es\/index.php?rest_route=\/wp\/v2\/users\/39"}],"replies":[{"embeddable":true,"href":"https:\/\/archive.sana.sy\/es\/index.php?rest_route=%2Fwp%2Fv2%2Fcomments&post=224227"}],"version-history":[{"count":0,"href":"https:\/\/archive.sana.sy\/es\/index.php?rest_route=\/wp\/v2\/posts\/224227\/revisions"}],"wp:attachment":[{"href":"https:\/\/archive.sana.sy\/es\/index.php?rest_route=%2Fwp%2Fv2%2Fmedia&parent=224227"}],"wp:term":[{"taxonomy":"category","embeddable":true,"href":"https:\/\/archive.sana.sy\/es\/index.php?rest_route=%2Fwp%2Fv2%2Fcategories&post=224227"},{"taxonomy":"post_tag","embeddable":true,"href":"https:\/\/archive.sana.sy\/es\/index.php?rest_route=%2Fwp%2Fv2%2Ftags&post=224227"}],"curies":[{"name":"wp","href":"https:\/\/api.w.org\/{rel}","templated":true}]}}