{"id":224230,"date":"2022-03-18T17:25:19","date_gmt":"2022-03-18T15:25:19","guid":{"rendered":"http:\/\/107.6.182.27\/es\/?p=224230"},"modified":"2023-01-10T16:37:21","modified_gmt":"2023-01-10T14:37:21","slug":"alrededor-del-80-por-ciento-de-los-rusos-apoyan-a-putin-confirma-encuesta-de-opinion","status":"publish","type":"post","link":"https:\/\/archive.sana.sy\/es\/?p=224230","title":{"rendered":"Alrededor del 80 por ciento de los rusos apoyan a Putin, confirma encuesta de opini\u00f3n"},"content":{"rendered":"<p style=\"text-align: justify;\"><span style=\"color: #800000;\"><strong>Mosc\u00fa, 18 mar (SANA)\u00a0 <\/strong><\/span>Una encuesta de opini\u00f3n p\u00fablica en Rusia mostr\u00f3 que alrededor del 80% de los ciudadanos rusos conf\u00edan en el presidente Vladimir Putin y eval\u00faan su trabajo de manera positiva.<\/p>\n<p style=\"text-align: justify;\">Seg\u00fan la encuesta realizada por el Fondo de Opini\u00f3n P\u00fablica, la tasa de aprobaci\u00f3n a las acciones del presidente durante el per\u00edodo del 7 al 13 del mes de marzo alcanz\u00f3 el 77,2%, y el porcentaje de confianza en \u00e9l fue del 79,6% entre los encuestados.<\/p>\n<p style=\"text-align: justify;\">La encuesta incluy\u00f3 a 1.600 rusos mayores de 18 a\u00f1os y se realiz\u00f3 a trav\u00e9s de entrevistas telef\u00f3nicas.<\/p>\n<p style=\"text-align: justify;\">sm\/fm<\/p>\n","protected":false},"excerpt":{"rendered":"<p>Mosc\u00fa, 18 mar (SANA)\u00a0 Una encuesta de opini\u00f3n p\u00fablica en Rusia mostr\u00f3 que alrededor del 80% de los ciudadanos rusos conf\u00edan en el presidente Vladimir Putin y eval\u00faan su trabajo de manera positiva. Seg\u00fan la encuesta realizada por el Fondo de Opini\u00f3n P\u00fablica, la tasa de aprobaci\u00f3n a las acciones del presidente durante el per\u00edodo &hellip;<\/p>\n","protected":false},"author":39,"featured_media":224231,"comment_status":"closed","ping_status":"closed","sticky":false,"template":"","format":"standard","meta":{"footnotes":""},"categories":[597,456,7541],"tags":[],"class_list":["post-224230","post","type-post","status-publish","format-standard","has-post-thumbnail","","category-cinta-de-noticias","category-arabe-internacional-politica","category-ultimas-noticias"],"_links":{"self":[{"href":"https:\/\/archive.sana.sy\/es\/index.php?rest_route=\/wp\/v2\/posts\/224230"}],"collection":[{"href":"https:\/\/archive.sana.sy\/es\/index.php?rest_route=\/wp\/v2\/posts"}],"about":[{"href":"https:\/\/archive.sana.sy\/es\/index.php?rest_route=\/wp\/v2\/types\/post"}],"author":[{"embeddable":true,"href":"https:\/\/archive.sana.sy\/es\/index.php?rest_route=\/wp\/v2\/users\/39"}],"replies":[{"embeddable":true,"href":"https:\/\/archive.sana.sy\/es\/index.php?rest_route=%2Fwp%2Fv2%2Fcomments&post=224230"}],"version-history":[{"count":0,"href":"https:\/\/archive.sana.sy\/es\/index.php?rest_route=\/wp\/v2\/posts\/224230\/revisions"}],"wp:featuredmedia":[{"embeddable":true,"href":"https:\/\/archive.sana.sy\/es\/index.php?rest_route=\/wp\/v2\/media\/224231"}],"wp:attachment":[{"href":"https:\/\/archive.sana.sy\/es\/index.php?rest_route=%2Fwp%2Fv2%2Fmedia&parent=224230"}],"wp:term":[{"taxonomy":"category","embeddable":true,"href":"https:\/\/archive.sana.sy\/es\/index.php?rest_route=%2Fwp%2Fv2%2Fcategories&post=224230"},{"taxonomy":"post_tag","embeddable":true,"href":"https:\/\/archive.sana.sy\/es\/index.php?rest_route=%2Fwp%2Fv2%2Ftags&post=224230"}],"curies":[{"name":"wp","href":"https:\/\/api.w.org\/{rel}","templated":true}]}}