{"id":224233,"date":"2022-03-18T17:34:09","date_gmt":"2022-03-18T15:34:09","guid":{"rendered":"http:\/\/107.6.182.27\/es\/?p=224233"},"modified":"2023-01-10T16:37:21","modified_gmt":"2023-01-10T14:37:21","slug":"pekin-la-clave-para-resolver-la-crisis-de-ucrania-esta-en-manos-de-ee-uu-y-la-otan","status":"publish","type":"post","link":"https:\/\/archive.sana.sy\/es\/?p=224233","title":{"rendered":"Pek\u00edn: la clave para resolver la crisis de Ucrania est\u00e1 en manos de EE.UU. y la OTAN"},"content":{"rendered":"<p style=\"text-align: justify;\"><span style=\"color: #800000;\"><strong>Pek\u00edn, 18 mar (SANA)\u00a0<\/strong> <\/span>El portavoz del Ministerio de Asuntos Exteriores de China, Zhao Lijian, rechaz\u00f3 hoy en una rueda de prensa, la acusaci\u00f3n del secretario de Estado de EE.UU., Antony Blinken, en la que asegura que China no act\u00faa de acuerdo con la Carta de la ONU ante la actual crisis en Ucrania.<\/p>\n<p style=\"text-align: justify;\">\u201cEl hecho de que no se haya opuesto firmemente a la operaci\u00f3n militar especial emprendida por Rusia en su pa\u00eds vecino va en contra de los compromisos de China como miembro permanente del Consejo de Seguridad de las Naciones Unidas, responsable de mantener la paz y la seguridad\u201d, dijo el vocero.<\/p>\n<p style=\"text-align: justify;\">Zhao asever\u00f3 que tal difamaci\u00f3n contra su pa\u00eds expone completamente la mentalidad de la Guerra Fr\u00eda de EE.UU., que presenta una confrontaci\u00f3n de bloques, detallando que China se opone firmemente a sus comentarios, pues considera que no ayudan a resolver la actual situaci\u00f3n en Ucrania.<\/p>\n<p style=\"text-align: justify;\">El portavoz de la Canciller\u00eda del pa\u00eds asi\u00e1tico record\u00f3 que &#8220;la clave para resolver la crisis de Ucrania est\u00e1 en manos de EE.UU. y la OTAN&#8221;.<\/p>\n<p style=\"text-align: justify;\">&#8220;Esperamos que Estados Unidos y la OTAN, los culpables de la crisis, puedan reflexionar sobre su papel en la crisis de Ucrania&#8221;, a\u00f1adi\u00f3 el representante chino.<\/p>\n<p style=\"text-align: justify;\">fm\/sm<\/p>\n","protected":false},"excerpt":{"rendered":"<p>Pek\u00edn, 18 mar (SANA)\u00a0 El portavoz del Ministerio de Asuntos Exteriores de China, Zhao Lijian, rechaz\u00f3 hoy en una rueda de prensa, la acusaci\u00f3n del secretario de Estado de EE.UU., Antony Blinken, en la que asegura que China no act\u00faa de acuerdo con la Carta de la ONU ante la actual crisis en Ucrania. \u201cEl &hellip;<\/p>\n","protected":false},"author":39,"featured_media":224234,"comment_status":"closed","ping_status":"closed","sticky":false,"template":"","format":"standard","meta":{"footnotes":""},"categories":[447,597,456,457,7541],"tags":[],"class_list":["post-224233","post","type-post","status-publish","format-standard","has-post-thumbnail","","category-local-politica","category-cinta-de-noticias","category-arabe-internacional-politica","category-noticias-arabe-internacional-politica","category-ultimas-noticias"],"_links":{"self":[{"href":"https:\/\/archive.sana.sy\/es\/index.php?rest_route=\/wp\/v2\/posts\/224233"}],"collection":[{"href":"https:\/\/archive.sana.sy\/es\/index.php?rest_route=\/wp\/v2\/posts"}],"about":[{"href":"https:\/\/archive.sana.sy\/es\/index.php?rest_route=\/wp\/v2\/types\/post"}],"author":[{"embeddable":true,"href":"https:\/\/archive.sana.sy\/es\/index.php?rest_route=\/wp\/v2\/users\/39"}],"replies":[{"embeddable":true,"href":"https:\/\/archive.sana.sy\/es\/index.php?rest_route=%2Fwp%2Fv2%2Fcomments&post=224233"}],"version-history":[{"count":0,"href":"https:\/\/archive.sana.sy\/es\/index.php?rest_route=\/wp\/v2\/posts\/224233\/revisions"}],"wp:featuredmedia":[{"embeddable":true,"href":"https:\/\/archive.sana.sy\/es\/index.php?rest_route=\/wp\/v2\/media\/224234"}],"wp:attachment":[{"href":"https:\/\/archive.sana.sy\/es\/index.php?rest_route=%2Fwp%2Fv2%2Fmedia&parent=224233"}],"wp:term":[{"taxonomy":"category","embeddable":true,"href":"https:\/\/archive.sana.sy\/es\/index.php?rest_route=%2Fwp%2Fv2%2Fcategories&post=224233"},{"taxonomy":"post_tag","embeddable":true,"href":"https:\/\/archive.sana.sy\/es\/index.php?rest_route=%2Fwp%2Fv2%2Ftags&post=224233"}],"curies":[{"name":"wp","href":"https:\/\/api.w.org\/{rel}","templated":true}]}}