{"id":224303,"date":"2022-03-19T08:51:17","date_gmt":"2022-03-19T06:51:17","guid":{"rendered":"http:\/\/107.6.182.27\/es\/?p=224303"},"modified":"2023-01-10T16:36:21","modified_gmt":"2023-01-10T14:36:21","slug":"beijing-pide-a-washington-y-kiev-que-respondan-las-preguntas-de-rusia-sobre-las-actividades-biologicas-militares","status":"publish","type":"post","link":"https:\/\/archive.sana.sy\/es\/?p=224303","title":{"rendered":"Beijing pide a Washington y Kiev que respondan las preguntas de Rusia sobre las actividades biol\u00f3gicas militares"},"content":{"rendered":"<p style=\"text-align: justify;\"><strong><span style=\"color: #800000;\">Nueva York, 19 mar (SANA)<\/span><\/strong>\u00a0 El representante permanente de China ante las Naciones Unidas, Zhang Jun, pidi\u00f3 a Estados Unidos y Ucrania que respondan las preguntas planteadas por Rusia sobre los programas biol\u00f3gicos en Ucrania.<\/p>\n<p style=\"text-align: justify;\">&#8220;China se opone firmemente al desarrollo, posesi\u00f3n o uso de armas biol\u00f3gicas o qu\u00edmicas por parte de cualquier pa\u00eds&#8221;, dijo John, citado por Sputnik, en una reuni\u00f3n del Consejo de Seguridad de la ONU sobre el programa militar biol\u00f3gico en Ucrania.<\/p>\n<p style=\"text-align: justify;\">Agreg\u00f3 que &#8220;cualquier informaci\u00f3n sobre actividad biomilitar debe generar preocupaci\u00f3n y atraer la atenci\u00f3n de la comunidad internacional para que se pueda evitar un da\u00f1o irreparable&#8221;.<\/p>\n<p style=\"text-align: justify;\"><em><span style=\"color: #333333;\">fm\/ws<\/span><\/em><\/p>\n","protected":false},"excerpt":{"rendered":"<p>Nueva York, 19 mar (SANA)\u00a0 El representante permanente de China ante las Naciones Unidas, Zhang Jun, pidi\u00f3 a Estados Unidos y Ucrania que respondan las preguntas planteadas por Rusia sobre los programas biol\u00f3gicos en Ucrania. &#8220;China se opone firmemente al desarrollo, posesi\u00f3n o uso de armas biol\u00f3gicas o qu\u00edmicas por parte de cualquier pa\u00eds&#8221;, dijo &hellip;<\/p>\n","protected":false},"author":35,"featured_media":224304,"comment_status":"closed","ping_status":"closed","sticky":false,"template":"","format":"standard","meta":{"footnotes":""},"categories":[597,456,7541],"tags":[],"class_list":["post-224303","post","type-post","status-publish","format-standard","has-post-thumbnail","","category-cinta-de-noticias","category-arabe-internacional-politica","category-ultimas-noticias"],"_links":{"self":[{"href":"https:\/\/archive.sana.sy\/es\/index.php?rest_route=\/wp\/v2\/posts\/224303"}],"collection":[{"href":"https:\/\/archive.sana.sy\/es\/index.php?rest_route=\/wp\/v2\/posts"}],"about":[{"href":"https:\/\/archive.sana.sy\/es\/index.php?rest_route=\/wp\/v2\/types\/post"}],"author":[{"embeddable":true,"href":"https:\/\/archive.sana.sy\/es\/index.php?rest_route=\/wp\/v2\/users\/35"}],"replies":[{"embeddable":true,"href":"https:\/\/archive.sana.sy\/es\/index.php?rest_route=%2Fwp%2Fv2%2Fcomments&post=224303"}],"version-history":[{"count":0,"href":"https:\/\/archive.sana.sy\/es\/index.php?rest_route=\/wp\/v2\/posts\/224303\/revisions"}],"wp:featuredmedia":[{"embeddable":true,"href":"https:\/\/archive.sana.sy\/es\/index.php?rest_route=\/wp\/v2\/media\/224304"}],"wp:attachment":[{"href":"https:\/\/archive.sana.sy\/es\/index.php?rest_route=%2Fwp%2Fv2%2Fmedia&parent=224303"}],"wp:term":[{"taxonomy":"category","embeddable":true,"href":"https:\/\/archive.sana.sy\/es\/index.php?rest_route=%2Fwp%2Fv2%2Fcategories&post=224303"},{"taxonomy":"post_tag","embeddable":true,"href":"https:\/\/archive.sana.sy\/es\/index.php?rest_route=%2Fwp%2Fv2%2Ftags&post=224303"}],"curies":[{"name":"wp","href":"https:\/\/api.w.org\/{rel}","templated":true}]}}