{"id":224389,"date":"2022-03-19T15:42:40","date_gmt":"2022-03-19T13:42:40","guid":{"rendered":"http:\/\/107.6.182.27\/es\/?p=224389"},"modified":"2023-01-10T16:36:18","modified_gmt":"2023-01-10T14:36:18","slug":"cualquier-capricho-de-los-enemigos-tendra-una-respuesta-firme-confirma-el-comandante-de-la-fuerza-aerea-irani","status":"publish","type":"post","link":"https:\/\/archive.sana.sy\/es\/?p=224389","title":{"rendered":"Cualquier capricho de los enemigos tendr\u00e1 una respuesta firme, confirma el comandante de la Fuerza A\u00e9rea iran\u00ed"},"content":{"rendered":"<p style=\"text-align: justify;\"><span style=\"color: #800000;\"><strong>Teher\u00e1n, 19 mar (SANA)\u00a0<\/strong> <\/span>El comandante de la Fuerza A\u00e9rea iran\u00ed, el general Hamid Vahidi, declar\u00f3 hoy que \u201ccualquier locura por parte de los enemigos de Ir\u00e1n recibir\u00e1 una respuesta muy dura\u201d.<\/p>\n<p style=\"text-align: justify;\">\u201cIr\u00e1n no tiene ambiciones en ning\u00fan pa\u00eds, pero si ser\u00e1 agredida los autores recibir\u00e1 una respuesta dolorosa\u201d, indic\u00f3 el oficial iran\u00ed por medio de un comunicado.<\/p>\n<p style=\"text-align: justify;\">Subray\u00f3 que los pilotos de la Fuerza A\u00e9rea iran\u00ed est\u00e1n completamente preparados para defender el espacio a\u00e9reo y terrestre del pa\u00eds.<\/p>\n<p style=\"text-align: justify;\">sm\/fm<\/p>\n","protected":false},"excerpt":{"rendered":"<p>Teher\u00e1n, 19 mar (SANA)\u00a0 El comandante de la Fuerza A\u00e9rea iran\u00ed, el general Hamid Vahidi, declar\u00f3 hoy que \u201ccualquier locura por parte de los enemigos de Ir\u00e1n recibir\u00e1 una respuesta muy dura\u201d. \u201cIr\u00e1n no tiene ambiciones en ning\u00fan pa\u00eds, pero si ser\u00e1 agredida los autores recibir\u00e1 una respuesta dolorosa\u201d, indic\u00f3 el oficial iran\u00ed por medio &hellip;<\/p>\n","protected":false},"author":39,"featured_media":224390,"comment_status":"closed","ping_status":"closed","sticky":false,"template":"","format":"standard","meta":{"footnotes":""},"categories":[597,456,457],"tags":[],"class_list":["post-224389","post","type-post","status-publish","format-standard","has-post-thumbnail","","category-cinta-de-noticias","category-arabe-internacional-politica","category-noticias-arabe-internacional-politica"],"_links":{"self":[{"href":"https:\/\/archive.sana.sy\/es\/index.php?rest_route=\/wp\/v2\/posts\/224389"}],"collection":[{"href":"https:\/\/archive.sana.sy\/es\/index.php?rest_route=\/wp\/v2\/posts"}],"about":[{"href":"https:\/\/archive.sana.sy\/es\/index.php?rest_route=\/wp\/v2\/types\/post"}],"author":[{"embeddable":true,"href":"https:\/\/archive.sana.sy\/es\/index.php?rest_route=\/wp\/v2\/users\/39"}],"replies":[{"embeddable":true,"href":"https:\/\/archive.sana.sy\/es\/index.php?rest_route=%2Fwp%2Fv2%2Fcomments&post=224389"}],"version-history":[{"count":0,"href":"https:\/\/archive.sana.sy\/es\/index.php?rest_route=\/wp\/v2\/posts\/224389\/revisions"}],"wp:featuredmedia":[{"embeddable":true,"href":"https:\/\/archive.sana.sy\/es\/index.php?rest_route=\/wp\/v2\/media\/224390"}],"wp:attachment":[{"href":"https:\/\/archive.sana.sy\/es\/index.php?rest_route=%2Fwp%2Fv2%2Fmedia&parent=224389"}],"wp:term":[{"taxonomy":"category","embeddable":true,"href":"https:\/\/archive.sana.sy\/es\/index.php?rest_route=%2Fwp%2Fv2%2Fcategories&post=224389"},{"taxonomy":"post_tag","embeddable":true,"href":"https:\/\/archive.sana.sy\/es\/index.php?rest_route=%2Fwp%2Fv2%2Ftags&post=224389"}],"curies":[{"name":"wp","href":"https:\/\/api.w.org\/{rel}","templated":true}]}}