{"id":224428,"date":"2022-03-19T18:56:04","date_gmt":"2022-03-19T16:56:04","guid":{"rendered":"http:\/\/107.6.182.27\/es\/?p=224428"},"modified":"2023-01-10T16:36:17","modified_gmt":"2023-01-10T14:36:17","slug":"alertan-sobre-minas-ucranianas-en-rutas-portuarias","status":"publish","type":"post","link":"https:\/\/archive.sana.sy\/es\/?p=224428","title":{"rendered":"Alertan sobre minas ucranianas en rutas portuarias"},"content":{"rendered":"<p style=\"text-align: justify;\"><span style=\"color: #800000;\"><strong>Mosc\u00fa, 19 mar (SANA)\u00a0 \u00a0<\/strong><\/span>El Servicio de Seguridad Federal de Rusia inform\u00f3 que la Armada de Ucrania, despu\u00e9s del inicio de la operaci\u00f3n especial rusa, coloc\u00f3 cientos de minas en las rutas que conducen a los puertos de Odessa, Uchakov, Chornomorsk y Yuzhny.<\/p>\n<p style=\"text-align: justify;\">En un comunicado citado por Sputnik, el Servicio detall\u00f3 que &#8220;la Armada de Ucrania tendi\u00f3 420 campos de minas en los puertos de Odessa, Ochakov, Chernomorsk y Yuzhny&#8221;.<\/p>\n<p style=\"text-align: justify;\">Alert\u00f3 que &#8220;las minas plantadas por el ej\u00e9rcito ucraniano podr\u00edan derivar hacia el Estrecho del B\u00f3sforo y el Mar Mediterr\u00e1neo debido a las corrientes marinas&#8221;.<\/p>\n<p style=\"text-align: justify;\">fm\/sm<\/p>\n","protected":false},"excerpt":{"rendered":"<p>Mosc\u00fa, 19 mar (SANA)\u00a0 \u00a0El Servicio de Seguridad Federal de Rusia inform\u00f3 que la Armada de Ucrania, despu\u00e9s del inicio de la operaci\u00f3n especial rusa, coloc\u00f3 cientos de minas en las rutas que conducen a los puertos de Odessa, Uchakov, Chornomorsk y Yuzhny. En un comunicado citado por Sputnik, el Servicio detall\u00f3 que &#8220;la Armada &hellip;<\/p>\n","protected":false},"author":39,"featured_media":224429,"comment_status":"closed","ping_status":"closed","sticky":false,"template":"","format":"standard","meta":{"footnotes":""},"categories":[597,456,457,7541],"tags":[],"class_list":["post-224428","post","type-post","status-publish","format-standard","has-post-thumbnail","","category-cinta-de-noticias","category-arabe-internacional-politica","category-noticias-arabe-internacional-politica","category-ultimas-noticias"],"_links":{"self":[{"href":"https:\/\/archive.sana.sy\/es\/index.php?rest_route=\/wp\/v2\/posts\/224428"}],"collection":[{"href":"https:\/\/archive.sana.sy\/es\/index.php?rest_route=\/wp\/v2\/posts"}],"about":[{"href":"https:\/\/archive.sana.sy\/es\/index.php?rest_route=\/wp\/v2\/types\/post"}],"author":[{"embeddable":true,"href":"https:\/\/archive.sana.sy\/es\/index.php?rest_route=\/wp\/v2\/users\/39"}],"replies":[{"embeddable":true,"href":"https:\/\/archive.sana.sy\/es\/index.php?rest_route=%2Fwp%2Fv2%2Fcomments&post=224428"}],"version-history":[{"count":0,"href":"https:\/\/archive.sana.sy\/es\/index.php?rest_route=\/wp\/v2\/posts\/224428\/revisions"}],"wp:featuredmedia":[{"embeddable":true,"href":"https:\/\/archive.sana.sy\/es\/index.php?rest_route=\/wp\/v2\/media\/224429"}],"wp:attachment":[{"href":"https:\/\/archive.sana.sy\/es\/index.php?rest_route=%2Fwp%2Fv2%2Fmedia&parent=224428"}],"wp:term":[{"taxonomy":"category","embeddable":true,"href":"https:\/\/archive.sana.sy\/es\/index.php?rest_route=%2Fwp%2Fv2%2Fcategories&post=224428"},{"taxonomy":"post_tag","embeddable":true,"href":"https:\/\/archive.sana.sy\/es\/index.php?rest_route=%2Fwp%2Fv2%2Ftags&post=224428"}],"curies":[{"name":"wp","href":"https:\/\/api.w.org\/{rel}","templated":true}]}}