{"id":224435,"date":"2022-03-19T19:57:23","date_gmt":"2022-03-19T17:57:23","guid":{"rendered":"http:\/\/107.6.182.27\/es\/?p=224435"},"modified":"2022-03-19T20:06:41","modified_gmt":"2022-03-19T18:06:41","slug":"un-empleado-de-la-inteligencia-ucraniana-se-entrego-a-las-fuerzas-rusas-y-revelo-que-el-batallon-extremista-azov-planificaba-perpetrar-ataques-contra-misiones-diplomaticas-en-la-ciudad-de-laviv-para-a","status":"publish","type":"post","link":"https:\/\/archive.sana.sy\/es\/?p=224435","title":{"rendered":"Un empleado de la inteligencia ucraniana se entreg\u00f3 a las fuerzas rusas y revel\u00f3 que el batall\u00f3n extremista Azov planificaba perpetrar ataques contra misiones diplom\u00e1ticas en la ciudad de Laviv para acusar luego a los militares rusos y presionar la OTAN a intervenirse"},"content":{"rendered":"","protected":false},"excerpt":{"rendered":"","protected":false},"author":39,"featured_media":0,"comment_status":"closed","ping_status":"closed","sticky":false,"template":"","format":"standard","meta":{"footnotes":""},"categories":[1],"tags":[],"class_list":["post-224435","post","type-post","status-publish","format-standard","","category-news-not-sorted"],"_links":{"self":[{"href":"https:\/\/archive.sana.sy\/es\/index.php?rest_route=\/wp\/v2\/posts\/224435"}],"collection":[{"href":"https:\/\/archive.sana.sy\/es\/index.php?rest_route=\/wp\/v2\/posts"}],"about":[{"href":"https:\/\/archive.sana.sy\/es\/index.php?rest_route=\/wp\/v2\/types\/post"}],"author":[{"embeddable":true,"href":"https:\/\/archive.sana.sy\/es\/index.php?rest_route=\/wp\/v2\/users\/39"}],"replies":[{"embeddable":true,"href":"https:\/\/archive.sana.sy\/es\/index.php?rest_route=%2Fwp%2Fv2%2Fcomments&post=224435"}],"version-history":[{"count":0,"href":"https:\/\/archive.sana.sy\/es\/index.php?rest_route=\/wp\/v2\/posts\/224435\/revisions"}],"wp:attachment":[{"href":"https:\/\/archive.sana.sy\/es\/index.php?rest_route=%2Fwp%2Fv2%2Fmedia&parent=224435"}],"wp:term":[{"taxonomy":"category","embeddable":true,"href":"https:\/\/archive.sana.sy\/es\/index.php?rest_route=%2Fwp%2Fv2%2Fcategories&post=224435"},{"taxonomy":"post_tag","embeddable":true,"href":"https:\/\/archive.sana.sy\/es\/index.php?rest_route=%2Fwp%2Fv2%2Ftags&post=224435"}],"curies":[{"name":"wp","href":"https:\/\/api.w.org\/{rel}","templated":true}]}}