{"id":224437,"date":"2022-03-19T20:10:54","date_gmt":"2022-03-19T18:10:54","guid":{"rendered":"http:\/\/107.6.182.27\/es\/?p=224437"},"modified":"2023-01-10T16:36:17","modified_gmt":"2023-01-10T14:36:17","slug":"integrante-del-servicio-de-seguridad-de-ucrania-se-entrego-a-los-militares-rusos","status":"publish","type":"post","link":"https:\/\/archive.sana.sy\/es\/?p=224437","title":{"rendered":"Integrante del Servicio de Seguridad de Ucrania se entreg\u00f3 a los militares rusos"},"content":{"rendered":"<p style=\"text-align: justify;\"><span style=\"color: #800000;\"><strong>Mosc\u00fa, 19 mar (SANA)\u00a0<\/strong> <\/span>El general de divisi\u00f3n \u00cdgor Konash\u00e9nkov, portavoz oficial del Ministerio de Defensa ruso, inform\u00f3 hoy que un empleado del Servicio de Seguridad de Ucrania en la regi\u00f3n de Donb\u00e1s se entreg\u00f3 a los militares rusos.<\/p>\n<p style=\"text-align: justify;\">&#8220;Durante una operaci\u00f3n militar especial, un miembro del departamento principal del Servicio de Seguridad de Ucrania en Donetsk y Lugansk se entreg\u00f3 voluntariamente a los militares rusos&#8221;, precis\u00f3 Konash\u00e9nkov.<\/p>\n<p style=\"text-align: justify;\">Seg\u00fan el funcionario, los combatientes del batall\u00f3n Azov planearon actos terroristas en Lviv contra empleados e instalaciones de las misiones diplom\u00e1ticas de EEUU y otros pa\u00edses occidentales<\/p>\n<p style=\"text-align: justify;\">El r\u00e9gimen nacionalista de Kiev planea presentar los ataques a las instalaciones diplom\u00e1ticas de Estados Unidos y de los pa\u00edses occidentales como un supuesto ataque dirigido por las fuerzas armadas rusas&#8221;, agreg\u00f3.<\/p>\n<p style=\"text-align: justify;\">Seg\u00fan el funcionario, el principal objetivo de la provocaci\u00f3n es aumentar la presi\u00f3n sobre los pa\u00edses de la OTAN para que introduzcan una zona de exclusi\u00f3n a\u00e9rea sobre Ucrania y proporcionen m\u00e1s armas.<\/p>\n<p style=\"text-align: justify;\">fm\/sm<\/p>\n","protected":false},"excerpt":{"rendered":"<p>Mosc\u00fa, 19 mar (SANA)\u00a0 El general de divisi\u00f3n \u00cdgor Konash\u00e9nkov, portavoz oficial del Ministerio de Defensa ruso, inform\u00f3 hoy que un empleado del Servicio de Seguridad de Ucrania en la regi\u00f3n de Donb\u00e1s se entreg\u00f3 a los militares rusos. &#8220;Durante una operaci\u00f3n militar especial, un miembro del departamento principal del Servicio de Seguridad de Ucrania &hellip;<\/p>\n","protected":false},"author":39,"featured_media":224438,"comment_status":"closed","ping_status":"closed","sticky":false,"template":"","format":"standard","meta":{"footnotes":""},"categories":[597,456,457,7541],"tags":[],"class_list":["post-224437","post","type-post","status-publish","format-standard","has-post-thumbnail","","category-cinta-de-noticias","category-arabe-internacional-politica","category-noticias-arabe-internacional-politica","category-ultimas-noticias"],"_links":{"self":[{"href":"https:\/\/archive.sana.sy\/es\/index.php?rest_route=\/wp\/v2\/posts\/224437"}],"collection":[{"href":"https:\/\/archive.sana.sy\/es\/index.php?rest_route=\/wp\/v2\/posts"}],"about":[{"href":"https:\/\/archive.sana.sy\/es\/index.php?rest_route=\/wp\/v2\/types\/post"}],"author":[{"embeddable":true,"href":"https:\/\/archive.sana.sy\/es\/index.php?rest_route=\/wp\/v2\/users\/39"}],"replies":[{"embeddable":true,"href":"https:\/\/archive.sana.sy\/es\/index.php?rest_route=%2Fwp%2Fv2%2Fcomments&post=224437"}],"version-history":[{"count":0,"href":"https:\/\/archive.sana.sy\/es\/index.php?rest_route=\/wp\/v2\/posts\/224437\/revisions"}],"wp:featuredmedia":[{"embeddable":true,"href":"https:\/\/archive.sana.sy\/es\/index.php?rest_route=\/wp\/v2\/media\/224438"}],"wp:attachment":[{"href":"https:\/\/archive.sana.sy\/es\/index.php?rest_route=%2Fwp%2Fv2%2Fmedia&parent=224437"}],"wp:term":[{"taxonomy":"category","embeddable":true,"href":"https:\/\/archive.sana.sy\/es\/index.php?rest_route=%2Fwp%2Fv2%2Fcategories&post=224437"},{"taxonomy":"post_tag","embeddable":true,"href":"https:\/\/archive.sana.sy\/es\/index.php?rest_route=%2Fwp%2Fv2%2Ftags&post=224437"}],"curies":[{"name":"wp","href":"https:\/\/api.w.org\/{rel}","templated":true}]}}