{"id":224448,"date":"2022-03-19T21:26:41","date_gmt":"2022-03-19T19:26:41","guid":{"rendered":"http:\/\/107.6.182.27\/es\/?p=224448"},"modified":"2023-01-10T16:36:17","modified_gmt":"2023-01-10T14:36:17","slug":"ultracionalistas-planean-ataques-con-quimicos-toxicos-para-acusar-a-los-militares-rusos-en-ucrania","status":"publish","type":"post","link":"https:\/\/archive.sana.sy\/es\/?p=224448","title":{"rendered":"Ultracionalistas planean ataques con qu\u00edmicos t\u00f3xicos para acusar a los militares rusos en Ucrania"},"content":{"rendered":"<p style=\"text-align: justify;\"><span style=\"color: #800000;\"><strong>Mosc\u00fa, 19 mar (SANA)<\/strong> \u00a0<\/span>El jefe del Centro de Gesti\u00f3n de la Defensa Nacional de Rusia, Mija\u00edl Miz\u00edntsev, declar\u00f3 hoy que las fuerzas nacionalistas ucranianas est\u00e1n preparando provocaciones con sustancias qu\u00edmicas peligrosas en al menos dos lugares de Ucrania, de las que planean responsabilizar a los militares rusos.<\/p>\n<p style=\"text-align: justify;\">&#8220;En Sumy, los nacionalistas minaron las instalaciones de almacenamiento de amon\u00edaco y cloro de la planta qu\u00edmica SumyJimProm con el objetivo de envenenar masivamente a los residentes de la regi\u00f3n de Sumy en caso de que las Fuerzas Armadas rusas entren en la ciudad&#8221;, comunic\u00f3 el funcionario militar citado por la cadena RT.<\/p>\n<p style=\"text-align: justify;\">Adem\u00e1s, los nacionalistas est\u00e1n preparando provocaciones con productos qu\u00edmicos t\u00f3xicos en el pueblo de Kotliarovo, regi\u00f3n de Nikol\u00e1yev, en el sur de Ucrania. &#8220;Para ello, ya se han colocado tanques con productos qu\u00edmicos t\u00f3xicos en el edificio de la escuela primaria local, que se prev\u00e9 detonar cuando se acerquen las tropas rusas&#8221;, precis\u00f3 Miz\u00edntsev.<\/p>\n<p style=\"text-align: justify;\">&#8220;Advertimos de antemano a todo el mundo civilizado y a las organizaciones internacionales de las c\u00ednicas provocaciones preparadas por las autoridades ucranianas, que, de llevarse a cabo, volver\u00e1n a culpar a los militares rusos, como ya ha ocurrido muchas veces&#8221;, asegur\u00f3 el alto cargo.<\/p>\n<p style=\"text-align: justify;\">fm\/sm<\/p>\n","protected":false},"excerpt":{"rendered":"<p>Mosc\u00fa, 19 mar (SANA) \u00a0El jefe del Centro de Gesti\u00f3n de la Defensa Nacional de Rusia, Mija\u00edl Miz\u00edntsev, declar\u00f3 hoy que las fuerzas nacionalistas ucranianas est\u00e1n preparando provocaciones con sustancias qu\u00edmicas peligrosas en al menos dos lugares de Ucrania, de las que planean responsabilizar a los militares rusos. &#8220;En Sumy, los nacionalistas minaron las instalaciones &hellip;<\/p>\n","protected":false},"author":39,"featured_media":224449,"comment_status":"closed","ping_status":"closed","sticky":false,"template":"","format":"standard","meta":{"footnotes":""},"categories":[597,456,457,7541],"tags":[],"class_list":["post-224448","post","type-post","status-publish","format-standard","has-post-thumbnail","","category-cinta-de-noticias","category-arabe-internacional-politica","category-noticias-arabe-internacional-politica","category-ultimas-noticias"],"_links":{"self":[{"href":"https:\/\/archive.sana.sy\/es\/index.php?rest_route=\/wp\/v2\/posts\/224448"}],"collection":[{"href":"https:\/\/archive.sana.sy\/es\/index.php?rest_route=\/wp\/v2\/posts"}],"about":[{"href":"https:\/\/archive.sana.sy\/es\/index.php?rest_route=\/wp\/v2\/types\/post"}],"author":[{"embeddable":true,"href":"https:\/\/archive.sana.sy\/es\/index.php?rest_route=\/wp\/v2\/users\/39"}],"replies":[{"embeddable":true,"href":"https:\/\/archive.sana.sy\/es\/index.php?rest_route=%2Fwp%2Fv2%2Fcomments&post=224448"}],"version-history":[{"count":0,"href":"https:\/\/archive.sana.sy\/es\/index.php?rest_route=\/wp\/v2\/posts\/224448\/revisions"}],"wp:featuredmedia":[{"embeddable":true,"href":"https:\/\/archive.sana.sy\/es\/index.php?rest_route=\/wp\/v2\/media\/224449"}],"wp:attachment":[{"href":"https:\/\/archive.sana.sy\/es\/index.php?rest_route=%2Fwp%2Fv2%2Fmedia&parent=224448"}],"wp:term":[{"taxonomy":"category","embeddable":true,"href":"https:\/\/archive.sana.sy\/es\/index.php?rest_route=%2Fwp%2Fv2%2Fcategories&post=224448"},{"taxonomy":"post_tag","embeddable":true,"href":"https:\/\/archive.sana.sy\/es\/index.php?rest_route=%2Fwp%2Fv2%2Ftags&post=224448"}],"curies":[{"name":"wp","href":"https:\/\/api.w.org\/{rel}","templated":true}]}}