{"id":22446,"date":"2015-05-03T10:34:36","date_gmt":"2015-05-03T07:34:36","guid":{"rendered":"http:\/\/www.sana.sy\/es\/?p=22446"},"modified":"2023-01-10T15:35:15","modified_gmt":"2023-01-10T13:35:15","slug":"titulares-de-los-diarios-sirios-publicados-este-domingo","status":"publish","type":"post","link":"https:\/\/archive.sana.sy\/es\/?p=22446","title":{"rendered":"Titulares de los diarios sirios publicados este domingo"},"content":{"rendered":"<p><span style=\"color: #800000\">Damasco, SANA<\/span><\/p>\n<p>Los diarios sirios destacaron los siguientes titulares:<\/p>\n<p>= Churkin responsabiliza a EE.UU de los efectos de los bombardeos contra Yemen.<\/p>\n<p>= Ej\u00e9rcito lanza redadas nocturnas contra los grupos terroristas en Idleb y elimina cabecillas terroristas en Alepo.<\/p>\n<p>= Las organizaciones terroristas admiten haber sufrido numerosas bajas, entre las cuales figura el comandante militar de la llamada \u201cBrigada de Zubair\u201d.<\/p>\n<p>= Fuerzas Armadas intensifican sus operativos en el campo sure\u00f1o de Quneitra.<\/p>\n<p>= Ej\u00e9rcito lleva a cabo una serie de operativos contra posiciones de los terroristas del Estado Isl\u00e1mico en el este de Homs.<\/p>\n<p>= 14 m\u00e1rtires, entre ellos 3 ni\u00f1os, en ataques terroristas con cohetes contra la ciudad de Alepo.<\/p>\n<p>= Desmienten falsas noticias sobre el estado de salud del jefe del Buro de Seguridad Nacional.<\/p>\n<p>= Acto central con motivo del D\u00eda Internacional de los Trabajadores.<\/p>\n<p>= Aduana de Tartous confisca a 2.7 millones pastillas de Captagon.<\/p>\n<p>= Ponen en marcha una iniciativa para ense\u00f1ar m\u00fasica en l\u00ednea.<\/p>\n<p>= Manifestaciones en Turqu\u00eda para denunciar las masacres cometidas por los terroristas en Siria.<\/p>\n<p>= Erdogan y Washington renuevan su voluntad de seguir apoyando a los terroristas en Siria.<\/p>\n<p>= Primer Ministro iraqu\u00ed confirma capacidad de las fuerzas iraqu\u00edes para derrotar al &#8220;Estado Isl\u00e1mico&#8221; en todas las ciudades.<\/p>\n<p>= Miles de manifestantes en las calles de Baltimore, denunciando las pr\u00e1cticas de la polic\u00eda estadounidense.<\/p>\n<p>= Mueren un yemen\u00ed y otros seis resultan heridos en incursiones a\u00e9reas del r\u00e9gimen saudita contra la provincia yemen\u00ed de Saada.<\/p>\n<p>= Polic\u00eda turca lanza una campa\u00f1a de detenciones contra los participantes en las manifestaciones por el D\u00eda Internacional de los Trabajadores.<\/p>\n<p>= Establecen campamentos para suministrar con hombres a las organizaciones terroristas en Irak y Siria.<\/p>\n<p>= Soldados israel\u00edes atacan a una manifestaci\u00f3n de periodistas y arrestan a varios de ellos.<\/p>\n<p>= El ocupante israel\u00ed se apodera del 87% de Jerusal\u00e9n ocupada y la &#8220;ley de los ausentes&#8221; amenaza a lo que queda.<\/p>\n<p>= En respuesta a su intenci\u00f3n de dividir Irak, el parlamento iraqu\u00ed denuncia reciente decisi\u00f3n del Congreso de EE.UU.<\/p>\n<p>= Ej\u00e9rcito elimina los terroristas del Estado Isl\u00e1mico al este de Ramadi.<\/p>\n<p>= Jordania dice que su frontera oriental con Irak est\u00e1 segura y estable.<\/p>\n<p>= Rep\u00fablica Checa dice que Washington debe mirar a sus calles antes de dar conferencias sobre las libertades.<\/p>\n<p>= EE.UU espera un c\u00e1lido verano de descontentos<\/p>\n<p>= aumenta la cifra de muertos por el terremoto de Nepal a 6.621.<\/p>\n<p>= Ej\u00e9rcito egipcio elimina a terroristas en el norte de Sina\u00ed.<\/p>\n<p>Fady M., Lynn A.<\/p>\n","protected":false},"excerpt":{"rendered":"<p>Damasco, SANA Los diarios sirios destacaron los siguientes titulares: = Churkin responsabiliza a EE.UU de los efectos de los bombardeos contra Yemen. = Ej\u00e9rcito lanza redadas nocturnas contra los grupos terroristas en Idleb y elimina cabecillas terroristas en Alepo. = Las organizaciones terroristas admiten haber sufrido numerosas bajas, entre las cuales figura el comandante militar &hellip;<\/p>\n","protected":false},"author":24,"featured_media":6186,"comment_status":"closed","ping_status":"closed","sticky":false,"template":"","format":"standard","meta":{"footnotes":""},"categories":[447,555,597],"tags":[5104],"class_list":["post-22446","post","type-post","status-publish","format-standard","has-post-thumbnail","","category-local-politica","category-prensa","category-cinta-de-noticias","tag-titulares-de-los-diarios-sirios-publicados-este-domingo"],"_links":{"self":[{"href":"https:\/\/archive.sana.sy\/es\/index.php?rest_route=\/wp\/v2\/posts\/22446"}],"collection":[{"href":"https:\/\/archive.sana.sy\/es\/index.php?rest_route=\/wp\/v2\/posts"}],"about":[{"href":"https:\/\/archive.sana.sy\/es\/index.php?rest_route=\/wp\/v2\/types\/post"}],"author":[{"embeddable":true,"href":"https:\/\/archive.sana.sy\/es\/index.php?rest_route=\/wp\/v2\/users\/24"}],"replies":[{"embeddable":true,"href":"https:\/\/archive.sana.sy\/es\/index.php?rest_route=%2Fwp%2Fv2%2Fcomments&post=22446"}],"version-history":[{"count":0,"href":"https:\/\/archive.sana.sy\/es\/index.php?rest_route=\/wp\/v2\/posts\/22446\/revisions"}],"wp:featuredmedia":[{"embeddable":true,"href":"https:\/\/archive.sana.sy\/es\/index.php?rest_route=\/wp\/v2\/media\/6186"}],"wp:attachment":[{"href":"https:\/\/archive.sana.sy\/es\/index.php?rest_route=%2Fwp%2Fv2%2Fmedia&parent=22446"}],"wp:term":[{"taxonomy":"category","embeddable":true,"href":"https:\/\/archive.sana.sy\/es\/index.php?rest_route=%2Fwp%2Fv2%2Fcategories&post=22446"},{"taxonomy":"post_tag","embeddable":true,"href":"https:\/\/archive.sana.sy\/es\/index.php?rest_route=%2Fwp%2Fv2%2Ftags&post=22446"}],"curies":[{"name":"wp","href":"https:\/\/api.w.org\/{rel}","templated":true}]}}