{"id":224481,"date":"2022-03-20T09:00:41","date_gmt":"2022-03-20T07:00:41","guid":{"rendered":"http:\/\/107.6.182.27\/es\/?p=224481"},"modified":"2023-01-10T14:19:20","modified_gmt":"2023-01-10T12:19:20","slug":"actualizacion-de-la-situacion-epidemiologica-sobre-la-covid-19-en-siria-21","status":"publish","type":"post","link":"https:\/\/archive.sana.sy\/es\/?p=224481","title":{"rendered":"Actualizaci\u00f3n de la situaci\u00f3n epidemiol\u00f3gica sobre Covid-19 en Siria"},"content":{"rendered":"<p style=\"text-align: justify;\"><strong><span style=\"color: #800000;\">Damasco, 20 mar (SANA)<\/span>\u00a0 \u00a0<\/strong>Actualizaci\u00f3n de la situaci\u00f3n epidemiol\u00f3gica sobre la Covid-19 en Siria:<\/p>\n<p style=\"text-align: justify;\">????\u00a024 nuevos casos positivos para un total nacional de 55,538.<\/p>\n<p style=\"text-align: justify;\">????Un nuevo deceso \u00a0y el total nacional es 3,125.<\/p>\n<p style=\"text-align: justify;\">????265 recuperados para un total de 51,111 dados de alta m\u00e9dica.<\/p>\n<p style=\"text-align: justify;\">????\u00a0Las provincias con mayor n\u00famero de infectados son Damasco (7) y Swieda \u00a0(5)\u00a0 y Homs (3).<\/p>\n","protected":false},"excerpt":{"rendered":"<p>Damasco, 20 mar (SANA)\u00a0 \u00a0Actualizaci\u00f3n de la situaci\u00f3n epidemiol\u00f3gica sobre la Covid-19 en Siria: ????\u00a024 nuevos casos positivos para un total nacional de 55,538. ????Un nuevo deceso \u00a0y el total nacional es 3,125. ????265 recuperados para un total de 51,111 dados de alta m\u00e9dica. ????\u00a0Las provincias con mayor n\u00famero de infectados son Damasco (7) y &hellip;<\/p>\n","protected":false},"author":32,"featured_media":224482,"comment_status":"closed","ping_status":"closed","sticky":false,"template":"","format":"standard","meta":{"footnotes":""},"categories":[447,477,597,476,7541],"tags":[],"class_list":["post-224481","post","type-post","status-publish","format-standard","has-post-thumbnail","","category-local-politica","category-noticias-edulcorantes","category-cinta-de-noticias","category-locales","category-ultimas-noticias"],"_links":{"self":[{"href":"https:\/\/archive.sana.sy\/es\/index.php?rest_route=\/wp\/v2\/posts\/224481"}],"collection":[{"href":"https:\/\/archive.sana.sy\/es\/index.php?rest_route=\/wp\/v2\/posts"}],"about":[{"href":"https:\/\/archive.sana.sy\/es\/index.php?rest_route=\/wp\/v2\/types\/post"}],"author":[{"embeddable":true,"href":"https:\/\/archive.sana.sy\/es\/index.php?rest_route=\/wp\/v2\/users\/32"}],"replies":[{"embeddable":true,"href":"https:\/\/archive.sana.sy\/es\/index.php?rest_route=%2Fwp%2Fv2%2Fcomments&post=224481"}],"version-history":[{"count":0,"href":"https:\/\/archive.sana.sy\/es\/index.php?rest_route=\/wp\/v2\/posts\/224481\/revisions"}],"wp:featuredmedia":[{"embeddable":true,"href":"https:\/\/archive.sana.sy\/es\/index.php?rest_route=\/wp\/v2\/media\/224482"}],"wp:attachment":[{"href":"https:\/\/archive.sana.sy\/es\/index.php?rest_route=%2Fwp%2Fv2%2Fmedia&parent=224481"}],"wp:term":[{"taxonomy":"category","embeddable":true,"href":"https:\/\/archive.sana.sy\/es\/index.php?rest_route=%2Fwp%2Fv2%2Fcategories&post=224481"},{"taxonomy":"post_tag","embeddable":true,"href":"https:\/\/archive.sana.sy\/es\/index.php?rest_route=%2Fwp%2Fv2%2Ftags&post=224481"}],"curies":[{"name":"wp","href":"https:\/\/api.w.org\/{rel}","templated":true}]}}