{"id":224521,"date":"2022-03-20T19:40:22","date_gmt":"2022-03-20T17:40:22","guid":{"rendered":"http:\/\/107.6.182.27\/es\/?p=224521"},"modified":"2023-01-10T14:19:20","modified_gmt":"2023-01-10T12:19:20","slug":"militares-sirios-enfrentan-a-convoy-militar-estadounidense-en-el-nordeste-de-siria","status":"publish","type":"post","link":"https:\/\/archive.sana.sy\/es\/?p=224521","title":{"rendered":"Militares sirios enfrentan a convoy militar estadounidense en el nordeste de Siria"},"content":{"rendered":"<p style=\"text-align: justify;\"><strong><span style=\"color: #800000;\">Hasakeh, 20 mar (SANA)\u00a0 \u00a0<\/span>\u00a0<\/strong>Militares del Ej\u00e9rcito \u00c1rabe Sirio bloquearon el camino ante un convoy de las fuerzas de ocupaci\u00f3n de EEUU en la provincia nororiental siria de Hasakeh.<\/p>\n<p style=\"text-align: justify;\">Activistas locales indicaron que la columna estaba conformada por seis blindados e intent\u00f3 cruzar por las localidades de Qaber Saqyuir y Qabpous Al-Qarayneh cerca de la ciudad de Tal Tamer.<\/p>\n<p style=\"text-align: justify;\">Los militares expulsaron a los veh\u00edculos norteamericanos de la zona y lo obligaron a dar marcha atr\u00e1s.<\/p>\n<p style=\"text-align: justify;\">El viernes \u00faltimo, los vecinos de las aldeas de Rahiya al-Sawda y Tamna al-Rahiya en el campo de Qamishli, con el apoyo de una unidad del Ej\u00e9rcito \u00c1rabe Sirio, se enfrentaron a un convoy de veh\u00edculos militares pertenecientes a las fuerzas de ocupaci\u00f3n estadounidenses y lo expulsaron de la zona.<\/p>\n<p style=\"text-align: justify;\">Las acciones contra las fuerzas del Pent\u00e1gono y su milicia separatista FDS aumentaron recientemente en medio de una ira popular hacia sus pr\u00e1cticas.<\/p>\n<p style=\"text-align: justify;\">El Gobierno de Damasco denunci\u00f3 repetidamente la presencia ilegal de las tropas norteamericanas, la cual calific\u00f3 de ocupaci\u00f3n, y asegur\u00f3 que las acciones del Pent\u00e1gono en Siria incentivan la actividad terrorista y apuntan a desestabilizar el pa\u00eds y saquear sus riquezas.<\/p>\n<p style=\"text-align: justify;\">fm\/ed<\/p>\n","protected":false},"excerpt":{"rendered":"<p>Hasakeh, 20 mar (SANA)\u00a0 \u00a0\u00a0Militares del Ej\u00e9rcito \u00c1rabe Sirio bloquearon el camino ante un convoy de las fuerzas de ocupaci\u00f3n de EEUU en la provincia nororiental siria de Hasakeh. Activistas locales indicaron que la columna estaba conformada por seis blindados e intent\u00f3 cruzar por las localidades de Qaber Saqyuir y Qabpous Al-Qarayneh cerca de la &hellip;<\/p>\n","protected":false},"author":32,"featured_media":224522,"comment_status":"closed","ping_status":"closed","sticky":false,"template":"","format":"standard","meta":{"footnotes":""},"categories":[477,447,597,476,7541],"tags":[16841],"class_list":["post-224521","post","type-post","status-publish","format-standard","has-post-thumbnail","","category-noticias-edulcorantes","category-local-politica","category-cinta-de-noticias","category-locales","category-ultimas-noticias","tag-hasakeh"],"_links":{"self":[{"href":"https:\/\/archive.sana.sy\/es\/index.php?rest_route=\/wp\/v2\/posts\/224521"}],"collection":[{"href":"https:\/\/archive.sana.sy\/es\/index.php?rest_route=\/wp\/v2\/posts"}],"about":[{"href":"https:\/\/archive.sana.sy\/es\/index.php?rest_route=\/wp\/v2\/types\/post"}],"author":[{"embeddable":true,"href":"https:\/\/archive.sana.sy\/es\/index.php?rest_route=\/wp\/v2\/users\/32"}],"replies":[{"embeddable":true,"href":"https:\/\/archive.sana.sy\/es\/index.php?rest_route=%2Fwp%2Fv2%2Fcomments&post=224521"}],"version-history":[{"count":0,"href":"https:\/\/archive.sana.sy\/es\/index.php?rest_route=\/wp\/v2\/posts\/224521\/revisions"}],"wp:featuredmedia":[{"embeddable":true,"href":"https:\/\/archive.sana.sy\/es\/index.php?rest_route=\/wp\/v2\/media\/224522"}],"wp:attachment":[{"href":"https:\/\/archive.sana.sy\/es\/index.php?rest_route=%2Fwp%2Fv2%2Fmedia&parent=224521"}],"wp:term":[{"taxonomy":"category","embeddable":true,"href":"https:\/\/archive.sana.sy\/es\/index.php?rest_route=%2Fwp%2Fv2%2Fcategories&post=224521"},{"taxonomy":"post_tag","embeddable":true,"href":"https:\/\/archive.sana.sy\/es\/index.php?rest_route=%2Fwp%2Fv2%2Ftags&post=224521"}],"curies":[{"name":"wp","href":"https:\/\/api.w.org\/{rel}","templated":true}]}}