{"id":22460,"date":"2015-05-03T16:22:10","date_gmt":"2015-05-03T13:22:10","guid":{"rendered":"http:\/\/www.sana.sy\/es\/?p=22460"},"modified":"2015-05-03T16:26:09","modified_gmt":"2015-05-03T13:26:09","slug":"el-corresponsal-del-centro-noticiero-karim-al-sheibani-resulta-herido-mientras-cubria-los-operativos-del-ejercito-en-damasco-campo","status":"publish","type":"post","link":"https:\/\/archive.sana.sy\/es\/?p=22460","title":{"rendered":"Corresponsal del Canal Satelital Sirio resulta herido tras un ataque terrorista en Damasco-campo"},"content":{"rendered":"<p><span style=\"color: #800000\">Damasco, SANA<\/span><\/p>\n<p>Terroristas dispararon este domingo un proyectil de mortero contra una delegaci\u00f3n medi\u00e1tica que cubr\u00eda los operativos del ej\u00e9rcito en Ghouta Oriental en Damasco-campo.<\/p>\n<p>El atentado terrorista caus\u00f3 heridas al corresponsal del Canal Satelital Sirio, Karim al-Sheibani que fue trasladado a un hospital en Damasco, inform\u00f3 el corresponsal de SANA.<\/p>\n<p>&nbsp;<\/p>\n<p>Lynn A.<\/p>\n<p>&nbsp;<\/p>\n","protected":false},"excerpt":{"rendered":"<p>Damasco, SANA Terroristas dispararon este domingo un proyectil de mortero contra una delegaci\u00f3n medi\u00e1tica que cubr\u00eda los operativos del ej\u00e9rcito en Ghouta Oriental en Damasco-campo. El atentado terrorista caus\u00f3 heridas al corresponsal del Canal Satelital Sirio, Karim al-Sheibani que fue trasladado a un hospital en Damasco, inform\u00f3 el corresponsal de SANA. &nbsp; Lynn A. &nbsp;<\/p>\n","protected":false},"author":24,"featured_media":22464,"comment_status":"closed","ping_status":"closed","sticky":false,"template":"","format":"standard","meta":{"footnotes":""},"categories":[477,597,573,476],"tags":[5108],"class_list":["post-22460","post","type-post","status-publish","format-standard","has-post-thumbnail","","category-noticias-edulcorantes","category-cinta-de-noticias","category-la-realidad-de-los-acontecimientos-en-siria","category-locales","tag-corresponsal-del-canal-satelital-sirio-resulta-herido-tras-un-ataque-terrorista-en-damasco-campo"],"_links":{"self":[{"href":"https:\/\/archive.sana.sy\/es\/index.php?rest_route=\/wp\/v2\/posts\/22460"}],"collection":[{"href":"https:\/\/archive.sana.sy\/es\/index.php?rest_route=\/wp\/v2\/posts"}],"about":[{"href":"https:\/\/archive.sana.sy\/es\/index.php?rest_route=\/wp\/v2\/types\/post"}],"author":[{"embeddable":true,"href":"https:\/\/archive.sana.sy\/es\/index.php?rest_route=\/wp\/v2\/users\/24"}],"replies":[{"embeddable":true,"href":"https:\/\/archive.sana.sy\/es\/index.php?rest_route=%2Fwp%2Fv2%2Fcomments&post=22460"}],"version-history":[{"count":0,"href":"https:\/\/archive.sana.sy\/es\/index.php?rest_route=\/wp\/v2\/posts\/22460\/revisions"}],"wp:featuredmedia":[{"embeddable":true,"href":"https:\/\/archive.sana.sy\/es\/index.php?rest_route=\/wp\/v2\/media\/22464"}],"wp:attachment":[{"href":"https:\/\/archive.sana.sy\/es\/index.php?rest_route=%2Fwp%2Fv2%2Fmedia&parent=22460"}],"wp:term":[{"taxonomy":"category","embeddable":true,"href":"https:\/\/archive.sana.sy\/es\/index.php?rest_route=%2Fwp%2Fv2%2Fcategories&post=22460"},{"taxonomy":"post_tag","embeddable":true,"href":"https:\/\/archive.sana.sy\/es\/index.php?rest_route=%2Fwp%2Fv2%2Ftags&post=22460"}],"curies":[{"name":"wp","href":"https:\/\/api.w.org\/{rel}","templated":true}]}}