{"id":224605,"date":"2022-03-21T09:39:14","date_gmt":"2022-03-21T07:39:14","guid":{"rendered":"http:\/\/107.6.182.27\/es\/?p=224605"},"modified":"2023-01-10T16:36:14","modified_gmt":"2023-01-10T14:36:14","slug":"fuga-de-amoniaco-toxico-de-una-planta-quimica-en-una-ciudad-ucraniana","status":"publish","type":"post","link":"https:\/\/archive.sana.sy\/es\/?p=224605","title":{"rendered":"Fuga de amon\u00edaco t\u00f3xico de una planta qu\u00edmica en una ciudad ucraniana"},"content":{"rendered":"<p style=\"text-align: justify;\"><strong><span style=\"color: #800000;\">Kiev, 21 mar (SANA)<\/span><\/strong>\u00a0 El jefe de la administraci\u00f3n de la regi\u00f3n de Sumy, Dmitry Zyvitsky, anunci\u00f3 que se produjo una fuga de amon\u00edaco en una planta qu\u00edmica en la ciudad de Sumy, en el noreste de Ucrania, y dijo que no hab\u00eda peligro para la vida de los residentes all\u00ed.<\/p>\n<p style=\"text-align: justify;\">\u201cEl accidente ocurri\u00f3 en la ma\u00f1ana de este lunes y el \u00e1rea afectada es de unos 2,5 kil\u00f3metros, y los equipos de emergencia est\u00e1n trabajando en el lugar, y no hay amenaza para la vida de los residentes de Sumy\u201d, escribi\u00f3 Zyvitsky en su canal de Telegram.<\/p>\n<p style=\"text-align: justify;\">El Ministerio de Defensa ruso hab\u00eda advertido previamente del peligro de provocaciones a las que podr\u00edan recurrir las autoridades de Kiev con el apoyo de Occidente a trav\u00e9s del empleo de sustancias qu\u00edmicas t\u00f3xicas contra civiles con el objetivo de acusar a Rusia de hacerlo.<\/p>\n<p style=\"text-align: justify;\"><strong><em>fm\/ws<\/em><\/strong><\/p>\n","protected":false},"excerpt":{"rendered":"<p>Kiev, 21 mar (SANA)\u00a0 El jefe de la administraci\u00f3n de la regi\u00f3n de Sumy, Dmitry Zyvitsky, anunci\u00f3 que se produjo una fuga de amon\u00edaco en una planta qu\u00edmica en la ciudad de Sumy, en el noreste de Ucrania, y dijo que no hab\u00eda peligro para la vida de los residentes all\u00ed. \u201cEl accidente ocurri\u00f3 en &hellip;<\/p>\n","protected":false},"author":35,"featured_media":224606,"comment_status":"closed","ping_status":"closed","sticky":false,"template":"","format":"standard","meta":{"footnotes":""},"categories":[597,456,7541],"tags":[],"class_list":["post-224605","post","type-post","status-publish","format-standard","has-post-thumbnail","","category-cinta-de-noticias","category-arabe-internacional-politica","category-ultimas-noticias"],"_links":{"self":[{"href":"https:\/\/archive.sana.sy\/es\/index.php?rest_route=\/wp\/v2\/posts\/224605"}],"collection":[{"href":"https:\/\/archive.sana.sy\/es\/index.php?rest_route=\/wp\/v2\/posts"}],"about":[{"href":"https:\/\/archive.sana.sy\/es\/index.php?rest_route=\/wp\/v2\/types\/post"}],"author":[{"embeddable":true,"href":"https:\/\/archive.sana.sy\/es\/index.php?rest_route=\/wp\/v2\/users\/35"}],"replies":[{"embeddable":true,"href":"https:\/\/archive.sana.sy\/es\/index.php?rest_route=%2Fwp%2Fv2%2Fcomments&post=224605"}],"version-history":[{"count":0,"href":"https:\/\/archive.sana.sy\/es\/index.php?rest_route=\/wp\/v2\/posts\/224605\/revisions"}],"wp:featuredmedia":[{"embeddable":true,"href":"https:\/\/archive.sana.sy\/es\/index.php?rest_route=\/wp\/v2\/media\/224606"}],"wp:attachment":[{"href":"https:\/\/archive.sana.sy\/es\/index.php?rest_route=%2Fwp%2Fv2%2Fmedia&parent=224605"}],"wp:term":[{"taxonomy":"category","embeddable":true,"href":"https:\/\/archive.sana.sy\/es\/index.php?rest_route=%2Fwp%2Fv2%2Fcategories&post=224605"},{"taxonomy":"post_tag","embeddable":true,"href":"https:\/\/archive.sana.sy\/es\/index.php?rest_route=%2Fwp%2Fv2%2Ftags&post=224605"}],"curies":[{"name":"wp","href":"https:\/\/api.w.org\/{rel}","templated":true}]}}