{"id":224609,"date":"2022-03-21T10:12:17","date_gmt":"2022-03-21T08:12:17","guid":{"rendered":"http:\/\/107.6.182.27\/es\/?p=224609"},"modified":"2023-01-10T16:36:13","modified_gmt":"2023-01-10T14:36:13","slug":"comisionado-de-dd-hh-confirma-torturas-cometidas-por-los-ultranacionalistas-ucranianos-a-los-civiles-en-donbas","status":"publish","type":"post","link":"https:\/\/archive.sana.sy\/es\/?p=224609","title":{"rendered":"Comisionado de DD.HH confirma torturas cometidas por los ultranacionalistas ucranianos a los civiles en Donb\u00e1s"},"content":{"rendered":"<p style=\"text-align: justify;\"><strong><span style=\"color: #800000;\"><em>Donetsk, 21 mar (SANA)\u00a0<\/em><\/span><\/strong> El Comisionado de Derechos Humanos de la Rep\u00fablica Popular de Donetsk declar\u00f3 que todas las personas en Donb\u00e1s que se opusieron a los actos agresivas del r\u00e9gimen de Kiev han sido encarceladas y torturadas por ultranacionalistas ucranianos.<\/p>\n<p style=\"text-align: justify;\">\u201cEn la localidad de Talkovka, cerca de Mari\u00fapol, que estaba bajo control de las fuerzas ucranianas, se descubrieron fosas comunes y una biblioteca perteneciente a una prisi\u00f3n secreta ucraniana en las que los prisioneros se somet\u00edan a torturas\u201d, dijo la Comisionada Daria Marozova.<\/p>\n<p style=\"text-align: justify;\">Asever\u00f3 que las autoridades ucranianas cometieron muchos genocidios en Donb\u00e1s y violaron todos los derechos b\u00e1sicos de los ciudadanos rusos que residen permanentemente en los territorios de Donetsk.<\/p>\n<p style=\"text-align: justify;\"><em><strong>ws\/fm<\/strong><\/em><\/p>\n","protected":false},"excerpt":{"rendered":"<p>Donetsk, 21 mar (SANA)\u00a0 El Comisionado de Derechos Humanos de la Rep\u00fablica Popular de Donetsk declar\u00f3 que todas las personas en Donb\u00e1s que se opusieron a los actos agresivas del r\u00e9gimen de Kiev han sido encarceladas y torturadas por ultranacionalistas ucranianos. \u201cEn la localidad de Talkovka, cerca de Mari\u00fapol, que estaba bajo control de las &hellip;<\/p>\n","protected":false},"author":35,"featured_media":224611,"comment_status":"closed","ping_status":"closed","sticky":false,"template":"","format":"standard","meta":{"footnotes":""},"categories":[597,456,7541,1],"tags":[],"class_list":["post-224609","post","type-post","status-publish","format-standard","has-post-thumbnail","","category-cinta-de-noticias","category-arabe-internacional-politica","category-ultimas-noticias","category-news-not-sorted"],"_links":{"self":[{"href":"https:\/\/archive.sana.sy\/es\/index.php?rest_route=\/wp\/v2\/posts\/224609"}],"collection":[{"href":"https:\/\/archive.sana.sy\/es\/index.php?rest_route=\/wp\/v2\/posts"}],"about":[{"href":"https:\/\/archive.sana.sy\/es\/index.php?rest_route=\/wp\/v2\/types\/post"}],"author":[{"embeddable":true,"href":"https:\/\/archive.sana.sy\/es\/index.php?rest_route=\/wp\/v2\/users\/35"}],"replies":[{"embeddable":true,"href":"https:\/\/archive.sana.sy\/es\/index.php?rest_route=%2Fwp%2Fv2%2Fcomments&post=224609"}],"version-history":[{"count":0,"href":"https:\/\/archive.sana.sy\/es\/index.php?rest_route=\/wp\/v2\/posts\/224609\/revisions"}],"wp:featuredmedia":[{"embeddable":true,"href":"https:\/\/archive.sana.sy\/es\/index.php?rest_route=\/wp\/v2\/media\/224611"}],"wp:attachment":[{"href":"https:\/\/archive.sana.sy\/es\/index.php?rest_route=%2Fwp%2Fv2%2Fmedia&parent=224609"}],"wp:term":[{"taxonomy":"category","embeddable":true,"href":"https:\/\/archive.sana.sy\/es\/index.php?rest_route=%2Fwp%2Fv2%2Fcategories&post=224609"},{"taxonomy":"post_tag","embeddable":true,"href":"https:\/\/archive.sana.sy\/es\/index.php?rest_route=%2Fwp%2Fv2%2Ftags&post=224609"}],"curies":[{"name":"wp","href":"https:\/\/api.w.org\/{rel}","templated":true}]}}