{"id":224614,"date":"2022-03-21T21:11:52","date_gmt":"2022-03-21T19:11:52","guid":{"rendered":"http:\/\/107.6.182.27\/es\/?p=224614"},"modified":"2023-01-10T16:36:10","modified_gmt":"2023-01-10T14:36:10","slug":"minuto-a-minuto-vigesimo-sexta-dia-de-la-operacion-especial-rusa-en-donbas","status":"publish","type":"post","link":"https:\/\/archive.sana.sy\/es\/?p=224614","title":{"rendered":"Minuto a minuto.. vig\u00e9simo sexto d\u00eda de la operaci\u00f3n especial rusa en Donb\u00e1s"},"content":{"rendered":"<p><strong><span style=\"color: #800000;\">Mosc\u00fa, 21 mar (SANA)<\/span><\/strong><\/p>\n<p><span style=\"color: #0000ff;\">????????<a style=\"color: #0000ff;\" href=\"http:\/\/www.sana.sy\/es\/?p=224609\">Comisionado de DD.HH confirma torturas cometidas por los ultranacionalistas ucranianos a los civiles en Donb\u00e1s.<\/a><\/span><\/p>\n<p><span style=\"color: #0000ff;\">????????<a style=\"color: #0000ff;\" href=\"http:\/\/www.sana.sy\/es\/?p=224624\">Nacionalistas ucranianos realizaron una provocaci\u00f3n planificada en una planta qu\u00edmica de Sumy<\/a><\/span><\/p>\n<p><span style=\"color: #0000ff;\">????????<a style=\"color: #0000ff;\" href=\"http:\/\/www.sana.sy\/es\/?p=224605\">Fuga de amon\u00edaco t\u00f3xico de una planta qu\u00edmica en una ciudad ucraniana.\u00a0\u00a0\u00a0<\/a><\/span><\/p>\n<p><span style=\"color: #0000ff;\">????????<a style=\"color: #0000ff;\" href=\"http:\/\/www.sana.sy\/es\/?p=224621\">Prop\u00f3sito del arma biol\u00f3gica desarrollada en Ucrania<\/a><\/span><\/p>\n<p><span style=\"color: #0000ff;\">????????<a style=\"color: #0000ff;\" href=\"http:\/\/www.sana.sy\/es\/?p=224596\">13 buques de la OTAN se dirigen a Estocolmo<\/a><\/span><\/p>\n<p><span style=\"color: #0000ff;\">????????<a style=\"color: #0000ff;\" href=\"http:\/\/www.sana.sy\/es\/?p=224602\">Protesta de solidaridad con Rusia frente la sede de Naciones Unidas en L\u00edbano<\/a><\/span><\/p>\n<p><span style=\"color: #0000ff;\">????????<a style=\"color: #0000ff;\" href=\"http:\/\/www.sana.sy\/es\/?p=224593\">Las fuerzas rusas abren corredor en Mari\u00fapol para la salida segura y sin armas de las fuerzas y mercenarios ucranianos<\/a><\/span><\/p>\n<p><span style=\"color: #0000ff;\">????????<a style=\"color: #0000ff;\" href=\"http:\/\/www.sana.sy\/es\/?p=224711\">Poder judicial ruso bloquea las plataformas de Facebook e Instagram en Rusia por sus actividades extremistas<\/a><\/span><\/p>\n<p><span style=\"color: #0000ff;\"><a style=\"color: #0000ff;\" href=\"http:\/\/www.sana.sy\/es\/?p=224716\">????????Conversaciones ruso-chinas sobre actividades biol\u00f3gicas de Estados Unidos en Ucrania<\/a><\/span><\/p>\n<p><span style=\"color: #0000ff;\"><a style=\"color: #0000ff;\" href=\"http:\/\/www.sana.sy\/es\/?p=224716\">????????<\/a><a style=\"color: #0000ff;\" href=\"http:\/\/www.sana.sy\/es\/?p=224686\">Consejo de Duma ruso pide al Congreso remoci\u00f3n de Biden<\/a><br \/>\n<\/span><\/p>\n<p><span style=\"color: #0000ff;\"><a style=\"color: #0000ff;\" href=\"http:\/\/www.sana.sy\/es\/?p=224716\">????????<\/a><\/span><a href=\"http:\/\/www.sana.sy\/es\/?p=224728\">Peskov: Cualquier intervenci\u00f3n de la OTAN en Ucrania ser\u00eda una evoluci\u00f3n negativa de la situaci\u00f3n<\/a><\/p>\n<p><span style=\"color: #0000ff;\"><a style=\"color: #0000ff;\" href=\"http:\/\/www.sana.sy\/es\/?p=224716\">????????<\/a><\/span><a href=\"http:\/\/www.sana.sy\/es\/?p=224724\">Buque de guerra ruso transporta equipo militar al puerto de Berdyansk<\/a><\/p>\n<p><span style=\"color: #0000ff;\"><a style=\"color: #0000ff;\" href=\"http:\/\/www.sana.sy\/es\/?p=224716\">????????<\/a><\/span><a href=\"http:\/\/www.sana.sy\/es\/?p=224732\">Defensa ruso: los misiles Kinzhal han demostrado su eficacia<\/a><\/p>\n<p><span style=\"color: #0000ff;\"><a style=\"color: #0000ff;\" href=\"http:\/\/www.sana.sy\/es\/?p=224716\">????????<\/a> <\/span><a href=\"http:\/\/www.sana.sy\/es\/?p=224736\">Militares ucranianos despliegan lanzamisiles en centros comerciales y zonas residenciales de Kiev<\/a><\/p>\n","protected":false},"excerpt":{"rendered":"<p>Mosc\u00fa, 21 mar (SANA) ????????Comisionado de DD.HH confirma torturas cometidas por los ultranacionalistas ucranianos a los civiles en Donb\u00e1s. ????????Nacionalistas ucranianos realizaron una provocaci\u00f3n planificada en una planta qu\u00edmica de Sumy ????????Fuga de amon\u00edaco t\u00f3xico de una planta qu\u00edmica en una ciudad ucraniana.\u00a0\u00a0\u00a0 ????????Prop\u00f3sito del arma biol\u00f3gica desarrollada en Ucrania ????????13 buques de la OTAN &hellip;<\/p>\n","protected":false},"author":35,"featured_media":224759,"comment_status":"closed","ping_status":"closed","sticky":false,"template":"","format":"standard","meta":{"footnotes":""},"categories":[597,456,457,583],"tags":[],"class_list":["post-224614","post","type-post","status-publish","format-standard","has-post-thumbnail","","category-cinta-de-noticias","category-arabe-internacional-politica","category-noticias-arabe-internacional-politica","category-slide"],"_links":{"self":[{"href":"https:\/\/archive.sana.sy\/es\/index.php?rest_route=\/wp\/v2\/posts\/224614"}],"collection":[{"href":"https:\/\/archive.sana.sy\/es\/index.php?rest_route=\/wp\/v2\/posts"}],"about":[{"href":"https:\/\/archive.sana.sy\/es\/index.php?rest_route=\/wp\/v2\/types\/post"}],"author":[{"embeddable":true,"href":"https:\/\/archive.sana.sy\/es\/index.php?rest_route=\/wp\/v2\/users\/35"}],"replies":[{"embeddable":true,"href":"https:\/\/archive.sana.sy\/es\/index.php?rest_route=%2Fwp%2Fv2%2Fcomments&post=224614"}],"version-history":[{"count":0,"href":"https:\/\/archive.sana.sy\/es\/index.php?rest_route=\/wp\/v2\/posts\/224614\/revisions"}],"wp:featuredmedia":[{"embeddable":true,"href":"https:\/\/archive.sana.sy\/es\/index.php?rest_route=\/wp\/v2\/media\/224759"}],"wp:attachment":[{"href":"https:\/\/archive.sana.sy\/es\/index.php?rest_route=%2Fwp%2Fv2%2Fmedia&parent=224614"}],"wp:term":[{"taxonomy":"category","embeddable":true,"href":"https:\/\/archive.sana.sy\/es\/index.php?rest_route=%2Fwp%2Fv2%2Fcategories&post=224614"},{"taxonomy":"post_tag","embeddable":true,"href":"https:\/\/archive.sana.sy\/es\/index.php?rest_route=%2Fwp%2Fv2%2Ftags&post=224614"}],"curies":[{"name":"wp","href":"https:\/\/api.w.org\/{rel}","templated":true}]}}