{"id":224618,"date":"2022-03-21T10:40:21","date_gmt":"2022-03-21T08:40:21","guid":{"rendered":"http:\/\/107.6.182.27\/es\/?p=224618"},"modified":"2023-01-10T16:36:13","modified_gmt":"2023-01-10T14:36:13","slug":"13-palestinos-detenidos-en-nueva-campana-de-detenciones-arbitrarias-por-parte-del-ocupante-israeli","status":"publish","type":"post","link":"https:\/\/archive.sana.sy\/es\/?p=224618","title":{"rendered":"13 palestinos detenidos en nueva campa\u00f1a de detenciones arbitrarias por parte del ocupante israel\u00ed"},"content":{"rendered":"<p style=\"text-align: justify;\"><strong><span style=\"color: #800000;\">Jerusal\u00e9n ocupada, 21 mar (SANA)\u00a0<\/span><\/strong> Las fuerzas de ocupaci\u00f3n israel\u00edes arrestaron hoy a 13 palestinos en diferentes zonas de Cisjordania.<\/p>\n<p style=\"text-align: justify;\">La Agencia Palestina Wafa difundi\u00f3 que los militares sionistas asaltaron los campamentos de Azza y Aida al norte de Bel\u00e9n, y las localidades de Qabatiya, Faqua Beit, Awa y Abu Shkhaydam, donde arrestaron a los palestinos, entre ellos hay cuatro estudiantes.<\/p>\n<p style=\"text-align: justify;\">La v\u00edspera, las fuerzas de ocupaci\u00f3n arrestaron a 11 palestinos en Cisjordania y dos en las afueras de la sitiada Franja de Gaza.<\/p>\n<p style=\"text-align: justify;\"><em><strong>fm\/ws<\/strong><\/em><\/p>\n","protected":false},"excerpt":{"rendered":"<p>Jerusal\u00e9n ocupada, 21 mar (SANA)\u00a0 Las fuerzas de ocupaci\u00f3n israel\u00edes arrestaron hoy a 13 palestinos en diferentes zonas de Cisjordania. La Agencia Palestina Wafa difundi\u00f3 que los militares sionistas asaltaron los campamentos de Azza y Aida al norte de Bel\u00e9n, y las localidades de Qabatiya, Faqua Beit, Awa y Abu Shkhaydam, donde arrestaron a los &hellip;<\/p>\n","protected":false},"author":35,"featured_media":224619,"comment_status":"closed","ping_status":"closed","sticky":false,"template":"","format":"standard","meta":{"footnotes":""},"categories":[597,456,7541],"tags":[],"class_list":["post-224618","post","type-post","status-publish","format-standard","has-post-thumbnail","","category-cinta-de-noticias","category-arabe-internacional-politica","category-ultimas-noticias"],"_links":{"self":[{"href":"https:\/\/archive.sana.sy\/es\/index.php?rest_route=\/wp\/v2\/posts\/224618"}],"collection":[{"href":"https:\/\/archive.sana.sy\/es\/index.php?rest_route=\/wp\/v2\/posts"}],"about":[{"href":"https:\/\/archive.sana.sy\/es\/index.php?rest_route=\/wp\/v2\/types\/post"}],"author":[{"embeddable":true,"href":"https:\/\/archive.sana.sy\/es\/index.php?rest_route=\/wp\/v2\/users\/35"}],"replies":[{"embeddable":true,"href":"https:\/\/archive.sana.sy\/es\/index.php?rest_route=%2Fwp%2Fv2%2Fcomments&post=224618"}],"version-history":[{"count":0,"href":"https:\/\/archive.sana.sy\/es\/index.php?rest_route=\/wp\/v2\/posts\/224618\/revisions"}],"wp:featuredmedia":[{"embeddable":true,"href":"https:\/\/archive.sana.sy\/es\/index.php?rest_route=\/wp\/v2\/media\/224619"}],"wp:attachment":[{"href":"https:\/\/archive.sana.sy\/es\/index.php?rest_route=%2Fwp%2Fv2%2Fmedia&parent=224618"}],"wp:term":[{"taxonomy":"category","embeddable":true,"href":"https:\/\/archive.sana.sy\/es\/index.php?rest_route=%2Fwp%2Fv2%2Fcategories&post=224618"},{"taxonomy":"post_tag","embeddable":true,"href":"https:\/\/archive.sana.sy\/es\/index.php?rest_route=%2Fwp%2Fv2%2Ftags&post=224618"}],"curies":[{"name":"wp","href":"https:\/\/api.w.org\/{rel}","templated":true}]}}