{"id":224661,"date":"2022-03-21T21:15:39","date_gmt":"2022-03-21T19:15:39","guid":{"rendered":"http:\/\/107.6.182.27\/es\/?p=224661"},"modified":"2022-03-21T21:27:49","modified_gmt":"2022-03-21T19:27:49","slug":"primera-dama-asmaa-al-assad-felicita-a-las-madres-sirias-por-el-dia-de-la-madre","status":"publish","type":"post","link":"https:\/\/archive.sana.sy\/es\/?p=224661","title":{"rendered":"Primera Dama, Asmaa al-Assad,  felicita a las madres sirias por el D\u00eda de la Madre"},"content":{"rendered":"<p style=\"text-align: justify;\"><span style=\"color: #800000;\"><strong>Damasco, 21 mar (SANA)<\/strong> <\/span>Con motivo del D\u00eda de la Madre, Primera Dama, Asmaa al-Assad, eligi\u00f3 la Radio Damasco para felicitar a las madres sirias, destacando que la madre es una fuente de generosidad y una escuela de pertenencia.<\/p>\n<p style=\"text-align: justify;\">\u201cHoy hablo con las madres sirias para felicitarlas a todas ya sean dentro y fuera del pa\u00eds, ya que la madre representa una fuente de generosidad y una escuela de educaci\u00f3n sobre la moral y el patriotismo\u201d, dijo la primera dama.<\/p>\n<p style=\"text-align: justify;\">Agreg\u00f3 que Siria es la madre de civilizaciones que enriquecieron el mundo con conocimiento y fue y seguir\u00e1 llevando el mensaje de civilizaci\u00f3n y humanidad, sin importar cu\u00e1nto intenten los invasores ocuparla y destruirla.<\/p>\n<p style=\"text-align: justify;\">\u201c En el D\u00eda de la Madre, felicitamos en primer lugar a Siria, la patria para todos sus hijos, independientemente de sus afiliaciones y orientaciones. La madre no es dura con sus hijos y no cierra las puertas de su coraz\u00f3n cuando regresan. Las grandes madres de Siria son las nietas de la civilizaci\u00f3n y del primer alfabeto\u201d, manifest\u00f3.<\/p>\n<p style=\"text-align: justify;\">La primera dama concluy\u00f3 su discurso, diciendo que, en el D\u00eda de la Madre, hoy estamos aferrados al ciclo de la vida como se adhirieron nuestras madres y abuelas, y plantamos lo que quemaron, construimos lo que destruyeron, ense\u00f1amos las letras y el alfabeto, defendemos la tierra, difundimos la paz y aspiramos a un futuro brillante sin importar cu\u00e1l dif\u00edcil sea el presente.<\/p>\n<p>mm\/fm<\/p>\n","protected":false},"excerpt":{"rendered":"<p>Damasco, 21 mar (SANA) Con motivo del D\u00eda de la Madre, Primera Dama, Asmaa al-Assad, eligi\u00f3 la Radio Damasco para felicitar a las madres sirias, destacando que la madre es una fuente de generosidad y una escuela de pertenencia. \u201cHoy hablo con las madres sirias para felicitarlas a todas ya sean dentro y fuera del &hellip;<\/p>\n","protected":false},"author":36,"featured_media":224662,"comment_status":"closed","ping_status":"closed","sticky":false,"template":"","format":"standard","meta":{"footnotes":""},"categories":[597,476,583],"tags":[],"class_list":["post-224661","post","type-post","status-publish","format-standard","has-post-thumbnail","","category-cinta-de-noticias","category-locales","category-slide"],"_links":{"self":[{"href":"https:\/\/archive.sana.sy\/es\/index.php?rest_route=\/wp\/v2\/posts\/224661"}],"collection":[{"href":"https:\/\/archive.sana.sy\/es\/index.php?rest_route=\/wp\/v2\/posts"}],"about":[{"href":"https:\/\/archive.sana.sy\/es\/index.php?rest_route=\/wp\/v2\/types\/post"}],"author":[{"embeddable":true,"href":"https:\/\/archive.sana.sy\/es\/index.php?rest_route=\/wp\/v2\/users\/36"}],"replies":[{"embeddable":true,"href":"https:\/\/archive.sana.sy\/es\/index.php?rest_route=%2Fwp%2Fv2%2Fcomments&post=224661"}],"version-history":[{"count":0,"href":"https:\/\/archive.sana.sy\/es\/index.php?rest_route=\/wp\/v2\/posts\/224661\/revisions"}],"wp:featuredmedia":[{"embeddable":true,"href":"https:\/\/archive.sana.sy\/es\/index.php?rest_route=\/wp\/v2\/media\/224662"}],"wp:attachment":[{"href":"https:\/\/archive.sana.sy\/es\/index.php?rest_route=%2Fwp%2Fv2%2Fmedia&parent=224661"}],"wp:term":[{"taxonomy":"category","embeddable":true,"href":"https:\/\/archive.sana.sy\/es\/index.php?rest_route=%2Fwp%2Fv2%2Fcategories&post=224661"},{"taxonomy":"post_tag","embeddable":true,"href":"https:\/\/archive.sana.sy\/es\/index.php?rest_route=%2Fwp%2Fv2%2Ftags&post=224661"}],"curies":[{"name":"wp","href":"https:\/\/api.w.org\/{rel}","templated":true}]}}