{"id":224682,"date":"2022-03-21T21:53:46","date_gmt":"2022-03-21T19:53:46","guid":{"rendered":"http:\/\/107.6.182.27\/es\/?p=224682"},"modified":"2022-03-21T21:59:03","modified_gmt":"2022-03-21T19:59:03","slug":"visita-del-presidente-al-assad-a-los-emiratos-arabes-unidos-es-importante-y-constituye-un-punto-de-inflexion-historico-afirman-personalidades-emiraties","status":"publish","type":"post","link":"https:\/\/archive.sana.sy\/es\/?p=224682","title":{"rendered":"Visita del presidente al-Assad a los Emiratos \u00c1rabes Unidos es importante y constituye un punto de inflexi\u00f3n hist\u00f3rico, afirman personalidades emirat\u00edes"},"content":{"rendered":"<p style=\"text-align: justify;\"><strong><span style=\"color: #800000;\">Damasco, 21 mar (SANA)<\/span> <\/strong>Con gran inter\u00e9s, el pueblo emirat\u00ed sigui\u00f3 la visita del presidente Bashar al-Assad a los Emiratos \u00c1rabes Unidos, donde un grupo de personalidades pol\u00edticas e intelectuales dijeron que la visita constituye un importante punto de inflexi\u00f3n y un acontecimiento hist\u00f3rico para el retorno de la acci\u00f3n \u00e1rabe conjunta e integrada frente a los desaf\u00edos.<\/p>\n<p><img loading=\"lazy\" decoding=\"async\" class=\"size-full wp-image-224684 aligncenter\" src=\"http:\/\/107.6.182.27\/es\/wp-content\/uploads\/2022\/03\/0000-14-300x168-1.jpg\" alt=\"\" width=\"300\" height=\"168\" srcset=\"https:\/\/archive.sana.sy\/es\/wp-content\/uploads\/2022\/03\/0000-14-300x168-1.jpg 300w, https:\/\/archive.sana.sy\/es\/wp-content\/uploads\/2022\/03\/0000-14-300x168-1-150x84.jpg 150w\" sizes=\"(max-width: 300px) 100vw, 300px\" \/><\/p>\n<p style=\"text-align: justify;\">El experto en asuntos pol\u00edticos y estrat\u00e9gicos, Muhammad Masoud Al-Ahbabi, confirm\u00f3 en declaraciones a SANA que la visita del presidente al-Assad a los Emiratos \u00c1rabes Unidos es un mensaje que indica que el regreso de Siria a su posici\u00f3n de liderazgo \u00e1rabe es importante y necesario.<\/p>\n<p style=\"text-align: justify;\">\u201cDeben comenzar esfuerzos serios para la reconstrucci\u00f3n y la estabilidad en Siria, lo que significa poner fin a los objetivos de las organizaciones extremistas de encontrar lugares para practicar el terrorismo que amenaza la seguridad de la regi\u00f3n y su gente\u201d, agreg\u00f3.<\/p>\n<p style=\"text-align: justify;\">Seg\u00fan Al-Ahbabi, la visita llega en una etapa importante y crucial que exige el regreso de la acci\u00f3n \u00e1rabe conjunta e integrada, especialmente en estas dif\u00edciles circunstancias que el mundo est\u00e1 presenciando, y se\u00f1al\u00f3 que despu\u00e9s de 11 a\u00f1os de guerra en Siria , debemos estar al lado de nuestros hermanos sirios y esta visita es una invitaci\u00f3n a todos los \u00e1rabes a poner sus manos en las manos del liderazgo sirio para restaurar la estabilidad, la construcci\u00f3n y la reconstrucci\u00f3n.<\/p>\n<p style=\"text-align: justify;\">La escritora emirat\u00ed, Aisha Ali Al-Bairaq, describi\u00f3 la visita como un evento hist\u00f3rico distinguido que cambiar\u00e1 el curso de los acontecimientos en la regi\u00f3n, ya que es un nuevo paso hacia la consolidaci\u00f3n y mejora de las relaciones \u00e1rabes a trav\u00e9s de la consulta y coordinaci\u00f3n entre los dos pa\u00edses sobre causas \u00e1rabes.<\/p>\n<p style=\"text-align: justify;\">Por su parte, el presidente del Teatro Nacional de Dub\u00e1i, Yasser Al Gergawi, dijo: Estamos muy contentos con la visita del presidente Al-Assad a nuestro pa\u00eds, y esperamos que la seguridad, la estabilidad y la paz regresen a Siria, tierra de bondad, amor y paz.<\/p>\n<p style=\"text-align: justify;\"><em>mm<\/em><\/p>\n<p>&nbsp;<\/p>\n","protected":false},"excerpt":{"rendered":"<p>Damasco, 21 mar (SANA) Con gran inter\u00e9s, el pueblo emirat\u00ed sigui\u00f3 la visita del presidente Bashar al-Assad a los Emiratos \u00c1rabes Unidos, donde un grupo de personalidades pol\u00edticas e intelectuales dijeron que la visita constituye un importante punto de inflexi\u00f3n y un acontecimiento hist\u00f3rico para el retorno de la acci\u00f3n \u00e1rabe conjunta e integrada frente &hellip;<\/p>\n","protected":false},"author":36,"featured_media":224683,"comment_status":"closed","ping_status":"closed","sticky":false,"template":"","format":"standard","meta":{"footnotes":""},"categories":[597,467,7541],"tags":[],"class_list":["post-224682","post","type-post","status-publish","format-standard","has-post-thumbnail","","category-cinta-de-noticias","category-siria-y-el-mundo","category-ultimas-noticias"],"_links":{"self":[{"href":"https:\/\/archive.sana.sy\/es\/index.php?rest_route=\/wp\/v2\/posts\/224682"}],"collection":[{"href":"https:\/\/archive.sana.sy\/es\/index.php?rest_route=\/wp\/v2\/posts"}],"about":[{"href":"https:\/\/archive.sana.sy\/es\/index.php?rest_route=\/wp\/v2\/types\/post"}],"author":[{"embeddable":true,"href":"https:\/\/archive.sana.sy\/es\/index.php?rest_route=\/wp\/v2\/users\/36"}],"replies":[{"embeddable":true,"href":"https:\/\/archive.sana.sy\/es\/index.php?rest_route=%2Fwp%2Fv2%2Fcomments&post=224682"}],"version-history":[{"count":0,"href":"https:\/\/archive.sana.sy\/es\/index.php?rest_route=\/wp\/v2\/posts\/224682\/revisions"}],"wp:featuredmedia":[{"embeddable":true,"href":"https:\/\/archive.sana.sy\/es\/index.php?rest_route=\/wp\/v2\/media\/224683"}],"wp:attachment":[{"href":"https:\/\/archive.sana.sy\/es\/index.php?rest_route=%2Fwp%2Fv2%2Fmedia&parent=224682"}],"wp:term":[{"taxonomy":"category","embeddable":true,"href":"https:\/\/archive.sana.sy\/es\/index.php?rest_route=%2Fwp%2Fv2%2Fcategories&post=224682"},{"taxonomy":"post_tag","embeddable":true,"href":"https:\/\/archive.sana.sy\/es\/index.php?rest_route=%2Fwp%2Fv2%2Ftags&post=224682"}],"curies":[{"name":"wp","href":"https:\/\/api.w.org\/{rel}","templated":true}]}}