{"id":224692,"date":"2022-03-21T21:54:08","date_gmt":"2022-03-21T19:54:08","guid":{"rendered":"http:\/\/107.6.182.27\/es\/?p=224692"},"modified":"2022-03-21T21:58:54","modified_gmt":"2022-03-21T19:58:54","slug":"ministro-de-defensa-emirati-el-pabellon-sirio-es-el-espacio-favorito-de-los-visitantes-de-la-expo-dubai-2020","status":"publish","type":"post","link":"https:\/\/archive.sana.sy\/es\/?p=224692","title":{"rendered":"Ministro de Defensa emirat\u00ed: El pabell\u00f3n sirio es el espacio favorito de los visitantes de la Expo Dub\u00e1i 2020"},"content":{"rendered":"<p style=\"text-align: justify;\"><span style=\"color: #800000;\"><strong>Dub\u00e1i, 21 mar (SANA)\u00a0 <\/strong><\/span>El ministro de Estado para los Asuntos de Defensa de los Emiratos \u00c1rabes Unidos, Mohammed Ahmed Al-Bouardi al-Falasi, al frente de una delegaci\u00f3n emirat\u00ed, visit\u00f3 el pabell\u00f3n sirio en la Expo Dub\u00e1i 2020 y recorri\u00f3 sus secciones.<\/p>\n<p style=\"text-align: justify;\">&#8220;Me complace visitar el pabell\u00f3n sirio para conocer las civilizaciones m\u00e1s antiguas a trav\u00e9s de las exhibiciones sirias,&#8221;, dijo el Titular de Defensa de EAU.<\/p>\n<p style=\"text-align: justify;\">Expres\u00f3 especial inter\u00e9s en la historia antigua de Siria y el rico contenido de la misma.<\/p>\n<p style=\"text-align: justify;\">Al-Falasi expres\u00f3 su admiraci\u00f3n por la buena organizaci\u00f3n dentro del pabell\u00f3n sirio y sus modernas herramientas de exhibici\u00f3n, que convirtieron el mismo en un destino de los visitantes de la Expo.<\/p>\n<p style=\"text-align: justify;\">Durante el recorrido, la delegaci\u00f3n emirat\u00ed fue informada sobre varias exhibiciones art\u00edsticas y culturales, como el primer alfabeto de la historia hasta la sala dedicada a escuchar la notaci\u00f3n musical m\u00e1s antigua de la historia.<\/p>\n<p style=\"text-align: justify;\">Asimismo, la delegaci\u00f3n expres\u00f3 su admiraci\u00f3n por la exposici\u00f3n de arte colectiva organizada por el pabell\u00f3n bajo el t\u00edtulo &#8220;Soy el Sirio&#8221;, donde cada pintura presentada representa una cara de Siria, asimismo la idea de la exposici\u00f3n se basa en el hecho de que cada sirio es parte de la conciencia colectiva de que todos somos iguales e interconectados y que juntos construiremos un futuro m\u00e1s brillante para Siria y el mundo.<\/p>\n<p style=\"text-align: justify;\">Al final de la visita, el Embajador sirio y Comisionado General del pabell\u00f3n, Ghassan Abbas, obsequi\u00f3 al Ministro emirat\u00ed con una copia del primer acuerdo de paz escrito en virtud del cual se puso fin a la guerra entre los hititas y los egipcios en suelo sirio, mientras que el ministro de los EAU entreg\u00f3 el escudo del ministerio a los funcionarios del pabell\u00f3n de Siria.<\/p>\n<p style=\"text-align: justify;\">El embajador Abbas reiter\u00f3 en una declaraci\u00f3n que la participaci\u00f3n de Siria en los eventos de la Expo Dub\u00e1i 2020 representa una gran oportunidad para el intercambio cultural y la comunicaci\u00f3n intelectual y cient\u00edfica entre los pa\u00edses del mundo.<\/p>\n<p style=\"text-align: justify;\"><em><strong>ah\/rsh<\/strong><\/em><\/p>\n<div id='gallery-1' class='gallery galleryid-224692 gallery-columns-1 gallery-size-full'><figure class='gallery-item'>\n\t\t\t<div class='gallery-icon landscape'>\n\t\t\t\t<a href='https:\/\/archive.sana.sy\/es\/wp-content\/uploads\/2022\/03\/photo_2022-03-21_16-51-36-scaled.jpg'><img loading=\"lazy\" decoding=\"async\" width=\"2560\" height=\"1706\" src=\"https:\/\/archive.sana.sy\/es\/wp-content\/uploads\/2022\/03\/photo_2022-03-21_16-51-36-scaled.jpg\" class=\"attachment-full size-full\" alt=\"\" srcset=\"https:\/\/archive.sana.sy\/es\/wp-content\/uploads\/2022\/03\/photo_2022-03-21_16-51-36-scaled.jpg 2560w, https:\/\/archive.sana.sy\/es\/wp-content\/uploads\/2022\/03\/photo_2022-03-21_16-51-36-300x200.jpg 300w, https:\/\/archive.sana.sy\/es\/wp-content\/uploads\/2022\/03\/photo_2022-03-21_16-51-36-1024x682.jpg 1024w, https:\/\/archive.sana.sy\/es\/wp-content\/uploads\/2022\/03\/photo_2022-03-21_16-51-36-150x100.jpg 150w, https:\/\/archive.sana.sy\/es\/wp-content\/uploads\/2022\/03\/photo_2022-03-21_16-51-36-768x512.jpg 768w, https:\/\/archive.sana.sy\/es\/wp-content\/uploads\/2022\/03\/photo_2022-03-21_16-51-36-1536x1024.jpg 1536w, https:\/\/archive.sana.sy\/es\/wp-content\/uploads\/2022\/03\/photo_2022-03-21_16-51-36-2048x1365.jpg 2048w\" sizes=\"(max-width: 2560px) 100vw, 2560px\" \/><\/a>\n\t\t\t<\/div><\/figure><figure class='gallery-item'>\n\t\t\t<div class='gallery-icon landscape'>\n\t\t\t\t<a href='https:\/\/archive.sana.sy\/es\/wp-content\/uploads\/2022\/03\/photo_2022-03-21_16-57-10-scaled.jpg'><img loading=\"lazy\" decoding=\"async\" width=\"2560\" height=\"1706\" src=\"https:\/\/archive.sana.sy\/es\/wp-content\/uploads\/2022\/03\/photo_2022-03-21_16-57-10-scaled.jpg\" class=\"attachment-full size-full\" alt=\"\" srcset=\"https:\/\/archive.sana.sy\/es\/wp-content\/uploads\/2022\/03\/photo_2022-03-21_16-57-10-scaled.jpg 2560w, https:\/\/archive.sana.sy\/es\/wp-content\/uploads\/2022\/03\/photo_2022-03-21_16-57-10-300x200.jpg 300w, https:\/\/archive.sana.sy\/es\/wp-content\/uploads\/2022\/03\/photo_2022-03-21_16-57-10-1024x682.jpg 1024w, https:\/\/archive.sana.sy\/es\/wp-content\/uploads\/2022\/03\/photo_2022-03-21_16-57-10-150x100.jpg 150w, https:\/\/archive.sana.sy\/es\/wp-content\/uploads\/2022\/03\/photo_2022-03-21_16-57-10-768x512.jpg 768w, https:\/\/archive.sana.sy\/es\/wp-content\/uploads\/2022\/03\/photo_2022-03-21_16-57-10-1536x1024.jpg 1536w, https:\/\/archive.sana.sy\/es\/wp-content\/uploads\/2022\/03\/photo_2022-03-21_16-57-10-2048x1365.jpg 2048w\" sizes=\"(max-width: 2560px) 100vw, 2560px\" \/><\/a>\n\t\t\t<\/div><\/figure><figure class='gallery-item'>\n\t\t\t<div class='gallery-icon landscape'>\n\t\t\t\t<a href='https:\/\/archive.sana.sy\/es\/wp-content\/uploads\/2022\/03\/photo_2022-03-21_16-57-13-scaled.jpg'><img loading=\"lazy\" decoding=\"async\" width=\"2560\" height=\"1706\" src=\"https:\/\/archive.sana.sy\/es\/wp-content\/uploads\/2022\/03\/photo_2022-03-21_16-57-13-scaled.jpg\" class=\"attachment-full size-full\" alt=\"\" srcset=\"https:\/\/archive.sana.sy\/es\/wp-content\/uploads\/2022\/03\/photo_2022-03-21_16-57-13-scaled.jpg 2560w, https:\/\/archive.sana.sy\/es\/wp-content\/uploads\/2022\/03\/photo_2022-03-21_16-57-13-300x200.jpg 300w, https:\/\/archive.sana.sy\/es\/wp-content\/uploads\/2022\/03\/photo_2022-03-21_16-57-13-1024x682.jpg 1024w, https:\/\/archive.sana.sy\/es\/wp-content\/uploads\/2022\/03\/photo_2022-03-21_16-57-13-150x100.jpg 150w, https:\/\/archive.sana.sy\/es\/wp-content\/uploads\/2022\/03\/photo_2022-03-21_16-57-13-768x512.jpg 768w, https:\/\/archive.sana.sy\/es\/wp-content\/uploads\/2022\/03\/photo_2022-03-21_16-57-13-1536x1024.jpg 1536w, https:\/\/archive.sana.sy\/es\/wp-content\/uploads\/2022\/03\/photo_2022-03-21_16-57-13-2048x1365.jpg 2048w\" sizes=\"(max-width: 2560px) 100vw, 2560px\" \/><\/a>\n\t\t\t<\/div><\/figure><figure class='gallery-item'>\n\t\t\t<div class='gallery-icon landscape'>\n\t\t\t\t<a href='https:\/\/archive.sana.sy\/es\/wp-content\/uploads\/2022\/03\/photo_2022-03-21_16-57-15-scaled.jpg'><img loading=\"lazy\" decoding=\"async\" width=\"2560\" height=\"1706\" src=\"https:\/\/archive.sana.sy\/es\/wp-content\/uploads\/2022\/03\/photo_2022-03-21_16-57-15-scaled.jpg\" class=\"attachment-full size-full\" alt=\"\" srcset=\"https:\/\/archive.sana.sy\/es\/wp-content\/uploads\/2022\/03\/photo_2022-03-21_16-57-15-scaled.jpg 2560w, https:\/\/archive.sana.sy\/es\/wp-content\/uploads\/2022\/03\/photo_2022-03-21_16-57-15-300x200.jpg 300w, https:\/\/archive.sana.sy\/es\/wp-content\/uploads\/2022\/03\/photo_2022-03-21_16-57-15-1024x682.jpg 1024w, https:\/\/archive.sana.sy\/es\/wp-content\/uploads\/2022\/03\/photo_2022-03-21_16-57-15-150x100.jpg 150w, https:\/\/archive.sana.sy\/es\/wp-content\/uploads\/2022\/03\/photo_2022-03-21_16-57-15-768x512.jpg 768w, https:\/\/archive.sana.sy\/es\/wp-content\/uploads\/2022\/03\/photo_2022-03-21_16-57-15-1536x1024.jpg 1536w, https:\/\/archive.sana.sy\/es\/wp-content\/uploads\/2022\/03\/photo_2022-03-21_16-57-15-2048x1365.jpg 2048w\" sizes=\"(max-width: 2560px) 100vw, 2560px\" \/><\/a>\n\t\t\t<\/div><\/figure>\n\t\t<\/div>\n\n","protected":false},"excerpt":{"rendered":"<p>Dub\u00e1i, 21 mar (SANA)\u00a0 El ministro de Estado para los Asuntos de Defensa de los Emiratos \u00c1rabes Unidos, Mohammed Ahmed Al-Bouardi al-Falasi, al frente de una delegaci\u00f3n emirat\u00ed, visit\u00f3 el pabell\u00f3n sirio en la Expo Dub\u00e1i 2020 y recorri\u00f3 sus secciones. &#8220;Me complace visitar el pabell\u00f3n sirio para conocer las civilizaciones m\u00e1s antiguas a trav\u00e9s &hellip;<\/p>\n","protected":false},"author":30,"featured_media":224699,"comment_status":"closed","ping_status":"closed","sticky":false,"template":"","format":"standard","meta":{"footnotes":""},"categories":[597,467,7541],"tags":[],"class_list":["post-224692","post","type-post","status-publish","format-standard","has-post-thumbnail","","category-cinta-de-noticias","category-siria-y-el-mundo","category-ultimas-noticias"],"_links":{"self":[{"href":"https:\/\/archive.sana.sy\/es\/index.php?rest_route=\/wp\/v2\/posts\/224692"}],"collection":[{"href":"https:\/\/archive.sana.sy\/es\/index.php?rest_route=\/wp\/v2\/posts"}],"about":[{"href":"https:\/\/archive.sana.sy\/es\/index.php?rest_route=\/wp\/v2\/types\/post"}],"author":[{"embeddable":true,"href":"https:\/\/archive.sana.sy\/es\/index.php?rest_route=\/wp\/v2\/users\/30"}],"replies":[{"embeddable":true,"href":"https:\/\/archive.sana.sy\/es\/index.php?rest_route=%2Fwp%2Fv2%2Fcomments&post=224692"}],"version-history":[{"count":0,"href":"https:\/\/archive.sana.sy\/es\/index.php?rest_route=\/wp\/v2\/posts\/224692\/revisions"}],"wp:featuredmedia":[{"embeddable":true,"href":"https:\/\/archive.sana.sy\/es\/index.php?rest_route=\/wp\/v2\/media\/224699"}],"wp:attachment":[{"href":"https:\/\/archive.sana.sy\/es\/index.php?rest_route=%2Fwp%2Fv2%2Fmedia&parent=224692"}],"wp:term":[{"taxonomy":"category","embeddable":true,"href":"https:\/\/archive.sana.sy\/es\/index.php?rest_route=%2Fwp%2Fv2%2Fcategories&post=224692"},{"taxonomy":"post_tag","embeddable":true,"href":"https:\/\/archive.sana.sy\/es\/index.php?rest_route=%2Fwp%2Fv2%2Ftags&post=224692"}],"curies":[{"name":"wp","href":"https:\/\/api.w.org\/{rel}","templated":true}]}}