{"id":224749,"date":"2022-03-21T21:21:14","date_gmt":"2022-03-21T19:21:14","guid":{"rendered":"http:\/\/107.6.182.27\/es\/?p=224749"},"modified":"2022-03-21T21:22:32","modified_gmt":"2022-03-21T19:22:32","slug":"continua-proceso-de-reconciliacion-en-deir-ezzor-y-raqqa-y-se-reanudara-manana-en-el-campo-de-alepo","status":"publish","type":"post","link":"https:\/\/archive.sana.sy\/es\/?p=224749","title":{"rendered":"Contin\u00faa proceso de reconciliaci\u00f3n en Deir Ezzor y Raqa, y se reanudar\u00e1 ma\u00f1ana en el campo de Alepo"},"content":{"rendered":"<p style=\"text-align: justify;\"><span style=\"color: #800000;\"><strong>Deir Ezzor y Raqa, SANA\u00a0<\/strong><\/span>El centro de reconciliaci\u00f3n de la Sala del Trabajador en la ciudad de Deir Ezzor y en la localidad de al-Sabkha en el campo de Raqa continuaron con el proceso de reconciliaci\u00f3n para la poblaci\u00f3n de las dos gobernaciones, el cual incluye a civiles buscados y personal militar fugitivo y aquellos retrasados a sus servicios obligatorios y de reserva, mientras que la reconcliaci\u00f3n continuar\u00e1 ma\u00f1ana en el campo de Alepo despu\u00e9s de una pausa de tres d\u00edas feriados.<\/p>\n<p style=\"text-align: justify;\">Varios de aquellos cuyo estatus han sido resueltos dijeron a los corresponsales de SANA en Deir Ezzor y Sabkha que la reconciliaci\u00f3n se lleva a cabo sin ning\u00fan obst\u00e1culo a la luz de las facilidades brindadas por las autoridades competentes en cooperaci\u00f3n con los comit\u00e9s de reconciliaci\u00f3n y dignatarios locales.<\/p>\n<p style=\"text-align: justify;\"><em><strong>rsh\/ah<\/strong><\/em><\/p>\n","protected":false},"excerpt":{"rendered":"<p>Deir Ezzor y Raqa, SANA\u00a0El centro de reconciliaci\u00f3n de la Sala del Trabajador en la ciudad de Deir Ezzor y en la localidad de al-Sabkha en el campo de Raqa continuaron con el proceso de reconciliaci\u00f3n para la poblaci\u00f3n de las dos gobernaciones, el cual incluye a civiles buscados y personal militar fugitivo y aquellos &hellip;<\/p>\n","protected":false},"author":30,"featured_media":224751,"comment_status":"closed","ping_status":"closed","sticky":false,"template":"","format":"standard","meta":{"footnotes":""},"categories":[447,597,476,457,7541],"tags":[],"class_list":["post-224749","post","type-post","status-publish","format-standard","has-post-thumbnail","","category-local-politica","category-cinta-de-noticias","category-locales","category-noticias-arabe-internacional-politica","category-ultimas-noticias"],"_links":{"self":[{"href":"https:\/\/archive.sana.sy\/es\/index.php?rest_route=\/wp\/v2\/posts\/224749"}],"collection":[{"href":"https:\/\/archive.sana.sy\/es\/index.php?rest_route=\/wp\/v2\/posts"}],"about":[{"href":"https:\/\/archive.sana.sy\/es\/index.php?rest_route=\/wp\/v2\/types\/post"}],"author":[{"embeddable":true,"href":"https:\/\/archive.sana.sy\/es\/index.php?rest_route=\/wp\/v2\/users\/30"}],"replies":[{"embeddable":true,"href":"https:\/\/archive.sana.sy\/es\/index.php?rest_route=%2Fwp%2Fv2%2Fcomments&post=224749"}],"version-history":[{"count":0,"href":"https:\/\/archive.sana.sy\/es\/index.php?rest_route=\/wp\/v2\/posts\/224749\/revisions"}],"wp:featuredmedia":[{"embeddable":true,"href":"https:\/\/archive.sana.sy\/es\/index.php?rest_route=\/wp\/v2\/media\/224751"}],"wp:attachment":[{"href":"https:\/\/archive.sana.sy\/es\/index.php?rest_route=%2Fwp%2Fv2%2Fmedia&parent=224749"}],"wp:term":[{"taxonomy":"category","embeddable":true,"href":"https:\/\/archive.sana.sy\/es\/index.php?rest_route=%2Fwp%2Fv2%2Fcategories&post=224749"},{"taxonomy":"post_tag","embeddable":true,"href":"https:\/\/archive.sana.sy\/es\/index.php?rest_route=%2Fwp%2Fv2%2Ftags&post=224749"}],"curies":[{"name":"wp","href":"https:\/\/api.w.org\/{rel}","templated":true}]}}