{"id":224750,"date":"2022-03-21T21:14:15","date_gmt":"2022-03-21T19:14:15","guid":{"rendered":"http:\/\/107.6.182.27\/es\/?p=224750"},"modified":"2022-03-21T21:28:03","modified_gmt":"2022-03-21T19:28:03","slug":"una-ceremonia-en-honor-a-las-madres-de-los-martires-en-dar-al-assad-para-la-cultura-en-latakia","status":"publish","type":"post","link":"https:\/\/archive.sana.sy\/es\/?p=224750","title":{"rendered":"Una ceremonia en honor a las madres de los m\u00e1rtires en Dar Al-Assad para la Cultura en Latakia"},"content":{"rendered":"<p style=\"text-align: justify;\"><span style=\"color: #800000;\"><strong>Latakia, 21 mar (SANA)\u00a0 <\/strong><\/span>La Fundaci\u00f3n M\u00e1rtir, sucursal de Latakia, honr\u00f3 a 300 madres de m\u00e1rtires en la celebraci\u00f3n que realiz\u00f3 en Dar Al-Assad para la Cultura con motivo del D\u00eda de la Madre, que se celebra el 21 de marzo.<\/p>\n<p style=\"text-align: justify;\">En un discurso en nombre de las madres de los m\u00e1rtires, Basma Balidi, la madre del m\u00e1rtir Jaafar Zuwaid, dijo: Las madres m\u00e1s bellas son aquellas que esperaron a su hijo y regres\u00f3 como m\u00e1rtir.<\/p>\n<p style=\"text-align: justify;\">Por su parte, el Presidente de la Junta Directiva de la Fundaci\u00f3n M\u00e1rtir, Fadi Alloush, dijo a la reportera de SANA: No hay palabras que expresen la grandeza de la madre, entonces, \u00bfqu\u00e9 tal si fuera una santa y madre de un m\u00e1rtir que irrig\u00f3 con su sangre pura el suelo de la patria querida, Siria? e indic\u00f3 que este honor es un pacto de fidelidad, entrega y lealtad para seguir el camino de la esperanza con el trabajo.<\/p>\n<p style=\"text-align: justify;\">Alloush se\u00f1al\u00f3 que la Fundaci\u00f3n sirve a las familias de los m\u00e1rtires con cursos de educaci\u00f3n gratuitos y apoyo a los alumnos destacados de los hijos de los m\u00e1rtires, adem\u00e1s de brindar servicios m\u00e9dicos.<\/p>\n<p style=\"text-align: justify;\">La celebraci\u00f3n incluy\u00f3 la proyecci\u00f3n de un documental que inclu\u00eda extractos de un discurso del presidente Bashar al-Assad sobre la grandeza del martirio y los m\u00e1rtires, im\u00e1genes del hero\u00edsmo del ej\u00e9rcito \u00e1rabe sirio en su guerra contra el terrorismo y un segmento musical cantado por el grupo infantil \u201cSyria Baladna\u201d dirigido por Nader Abdel Rahman.<\/p>\n<p style=\"text-align: justify;\"><em><strong>rsh\/ah<\/strong><\/em><\/p>\n","protected":false},"excerpt":{"rendered":"<p>Latakia, 21 mar (SANA)\u00a0 La Fundaci\u00f3n M\u00e1rtir, sucursal de Latakia, honr\u00f3 a 300 madres de m\u00e1rtires en la celebraci\u00f3n que realiz\u00f3 en Dar Al-Assad para la Cultura con motivo del D\u00eda de la Madre, que se celebra el 21 de marzo. En un discurso en nombre de las madres de los m\u00e1rtires, Basma Balidi, la &hellip;<\/p>\n","protected":false},"author":30,"featured_media":224754,"comment_status":"closed","ping_status":"closed","sticky":false,"template":"","format":"standard","meta":{"footnotes":""},"categories":[597,476,583],"tags":[],"class_list":["post-224750","post","type-post","status-publish","format-standard","has-post-thumbnail","","category-cinta-de-noticias","category-locales","category-slide"],"_links":{"self":[{"href":"https:\/\/archive.sana.sy\/es\/index.php?rest_route=\/wp\/v2\/posts\/224750"}],"collection":[{"href":"https:\/\/archive.sana.sy\/es\/index.php?rest_route=\/wp\/v2\/posts"}],"about":[{"href":"https:\/\/archive.sana.sy\/es\/index.php?rest_route=\/wp\/v2\/types\/post"}],"author":[{"embeddable":true,"href":"https:\/\/archive.sana.sy\/es\/index.php?rest_route=\/wp\/v2\/users\/30"}],"replies":[{"embeddable":true,"href":"https:\/\/archive.sana.sy\/es\/index.php?rest_route=%2Fwp%2Fv2%2Fcomments&post=224750"}],"version-history":[{"count":0,"href":"https:\/\/archive.sana.sy\/es\/index.php?rest_route=\/wp\/v2\/posts\/224750\/revisions"}],"wp:featuredmedia":[{"embeddable":true,"href":"https:\/\/archive.sana.sy\/es\/index.php?rest_route=\/wp\/v2\/media\/224754"}],"wp:attachment":[{"href":"https:\/\/archive.sana.sy\/es\/index.php?rest_route=%2Fwp%2Fv2%2Fmedia&parent=224750"}],"wp:term":[{"taxonomy":"category","embeddable":true,"href":"https:\/\/archive.sana.sy\/es\/index.php?rest_route=%2Fwp%2Fv2%2Fcategories&post=224750"},{"taxonomy":"post_tag","embeddable":true,"href":"https:\/\/archive.sana.sy\/es\/index.php?rest_route=%2Fwp%2Fv2%2Ftags&post=224750"}],"curies":[{"name":"wp","href":"https:\/\/api.w.org\/{rel}","templated":true}]}}