{"id":224760,"date":"2022-03-21T21:52:32","date_gmt":"2022-03-21T19:52:32","guid":{"rendered":"http:\/\/107.6.182.27\/es\/?p=224760"},"modified":"2023-01-10T16:36:10","modified_gmt":"2023-01-10T14:36:10","slug":"putin-discute-con-mirziyoyev-la-operacion-militar-especial-en-ucrania","status":"publish","type":"post","link":"https:\/\/archive.sana.sy\/es\/?p=224760","title":{"rendered":"Putin discute con Mirziyoyev la operaci\u00f3n militar especial en Ucrania"},"content":{"rendered":"<p style=\"text-align: justify;\"><span style=\"color: #800000;\"><strong>Mosc\u00fa, 21 (SANA) <\/strong><\/span>El presidente ruso Vladimir Putin y el presidente uzbeko Shavkat Mirziyoyev debatieron la situaci\u00f3n actual a la luz de la operaci\u00f3n especial rusa en Ucrania.<\/p>\n<p style=\"text-align: justify;\">La agencia de noticias TASS inform\u00f3 que el presidente Putin, en una conversaci\u00f3n telef\u00f3nica con Mirziyoyev, examin\u00f3 la situaci\u00f3n actual a la luz de la operaci\u00f3n militar especial, en la que este \u00faltimo expres\u00f3 su comprensi\u00f3n de la posici\u00f3n y las acciones de la parte rusa.<\/p>\n<p style=\"text-align: justify;\">Las dos partes tambi\u00e9n afirmaron su inter\u00e9s com\u00fan en fortalecer la asociaci\u00f3n estrat\u00e9gica y la alianza entre los dos pa\u00edses.<\/p>\n<p style=\"text-align: justify;\"><em><strong>rsh\/ah<\/strong><\/em><\/p>\n","protected":false},"excerpt":{"rendered":"<p>Mosc\u00fa, 21 (SANA) El presidente ruso Vladimir Putin y el presidente uzbeko Shavkat Mirziyoyev debatieron la situaci\u00f3n actual a la luz de la operaci\u00f3n especial rusa en Ucrania. La agencia de noticias TASS inform\u00f3 que el presidente Putin, en una conversaci\u00f3n telef\u00f3nica con Mirziyoyev, examin\u00f3 la situaci\u00f3n actual a la luz de la operaci\u00f3n militar &hellip;<\/p>\n","protected":false},"author":30,"featured_media":224761,"comment_status":"closed","ping_status":"closed","sticky":false,"template":"","format":"standard","meta":{"footnotes":""},"categories":[597,456,7541],"tags":[],"class_list":["post-224760","post","type-post","status-publish","format-standard","has-post-thumbnail","","category-cinta-de-noticias","category-arabe-internacional-politica","category-ultimas-noticias"],"_links":{"self":[{"href":"https:\/\/archive.sana.sy\/es\/index.php?rest_route=\/wp\/v2\/posts\/224760"}],"collection":[{"href":"https:\/\/archive.sana.sy\/es\/index.php?rest_route=\/wp\/v2\/posts"}],"about":[{"href":"https:\/\/archive.sana.sy\/es\/index.php?rest_route=\/wp\/v2\/types\/post"}],"author":[{"embeddable":true,"href":"https:\/\/archive.sana.sy\/es\/index.php?rest_route=\/wp\/v2\/users\/30"}],"replies":[{"embeddable":true,"href":"https:\/\/archive.sana.sy\/es\/index.php?rest_route=%2Fwp%2Fv2%2Fcomments&post=224760"}],"version-history":[{"count":0,"href":"https:\/\/archive.sana.sy\/es\/index.php?rest_route=\/wp\/v2\/posts\/224760\/revisions"}],"wp:featuredmedia":[{"embeddable":true,"href":"https:\/\/archive.sana.sy\/es\/index.php?rest_route=\/wp\/v2\/media\/224761"}],"wp:attachment":[{"href":"https:\/\/archive.sana.sy\/es\/index.php?rest_route=%2Fwp%2Fv2%2Fmedia&parent=224760"}],"wp:term":[{"taxonomy":"category","embeddable":true,"href":"https:\/\/archive.sana.sy\/es\/index.php?rest_route=%2Fwp%2Fv2%2Fcategories&post=224760"},{"taxonomy":"post_tag","embeddable":true,"href":"https:\/\/archive.sana.sy\/es\/index.php?rest_route=%2Fwp%2Fv2%2Ftags&post=224760"}],"curies":[{"name":"wp","href":"https:\/\/api.w.org\/{rel}","templated":true}]}}