{"id":224764,"date":"2022-03-22T05:59:32","date_gmt":"2022-03-22T03:59:32","guid":{"rendered":"http:\/\/107.6.182.27\/es\/?p=224764"},"modified":"2023-01-10T16:36:10","modified_gmt":"2023-01-10T14:36:10","slug":"moscu-suspende-conversaciones-con-tokio-sobre-un-tratado-de-paz-entre-los-dos-paises","status":"publish","type":"post","link":"https:\/\/archive.sana.sy\/es\/?p=224764","title":{"rendered":"Mosc\u00fa suspende conversaciones con Tokio sobre un tratado de paz entre los dos pa\u00edses"},"content":{"rendered":"<p style=\"text-align: justify;\"><span style=\"color: #800000;\"><strong>Mosc\u00fa, 22 mar (SANA)\u00a0<\/strong><\/span> El Ministerio de Exteriores de Rusia anunci\u00f3 la suspensi\u00f3n de las conversaciones con Jap\u00f3n para concluir un tratado de paz entre los dos pa\u00edses, debido a la imposici\u00f3n por parte de Tokio de restricciones unilaterales a Mosc\u00fa a ra\u00edz de la propia operaci\u00f3n en Ucrania.<\/p>\n<p style=\"text-align: justify;\">Una declaraci\u00f3n del ministerio indic\u00f3 que \u201cla parte rusa no tiene intenci\u00f3n, en las circunstancias actuales, de continuar las conversaciones con Jap\u00f3n sobre un tratado de paz, dada la imposibilidad de discutir la firma de un documento fundacional sobre las relaciones bilaterales con un pa\u00eds que mantiene posiciones claramente hostiles y busca da\u00f1ar los intereses de nuestro pa\u00eds\u201d.<\/p>\n<p style=\"text-align: justify;\">El ministerio agreg\u00f3 que Rusia hab\u00eda tomado una serie de medidas de represalia debido a la aparente naturaleza hostil de las restricciones unilaterales impuestas por Jap\u00f3n contra Rusia en el contexto de la situaci\u00f3n en Ucrania, como detener los vuelos sin visa para ciudadanos japoneses a base del acuerdo de 1991 sobre el intercambio de vuelos sin visa entre las islas Kuriles rusas y Jap\u00f3n, y el acuerdo de 1999 sobre la facilitaci\u00f3n de la visita de ciudadanos japoneses de ex residentes de las Islas Kuriles del Sur a sus antiguos lugares de residencia.<\/p>\n<p style=\"text-align: justify;\">El ministerio tambi\u00e9n anunci\u00f3 que hab\u00eda abandonado el di\u00e1logo con Jap\u00f3n sobre el desarrollo de actividades econ\u00f3micas conjuntas en las Islas Kuriles del Sur y su intenci\u00f3n de evitar la extensi\u00f3n del estatus de Jap\u00f3n como socio de la Organizaci\u00f3n de Cooperaci\u00f3n Econ\u00f3mica del Mar Negro.<\/p>\n<p style=\"text-align: justify;\">fm<\/p>\n<p style=\"text-align: justify;\">\n","protected":false},"excerpt":{"rendered":"<p>Mosc\u00fa, 22 mar (SANA)\u00a0 El Ministerio de Exteriores de Rusia anunci\u00f3 la suspensi\u00f3n de las conversaciones con Jap\u00f3n para concluir un tratado de paz entre los dos pa\u00edses, debido a la imposici\u00f3n por parte de Tokio de restricciones unilaterales a Mosc\u00fa a ra\u00edz de la propia operaci\u00f3n en Ucrania. Una declaraci\u00f3n del ministerio indic\u00f3 que &hellip;<\/p>\n","protected":false},"author":34,"featured_media":224765,"comment_status":"closed","ping_status":"closed","sticky":false,"template":"","format":"standard","meta":{"footnotes":""},"categories":[597,456,7541],"tags":[],"class_list":["post-224764","post","type-post","status-publish","format-standard","has-post-thumbnail","","category-cinta-de-noticias","category-arabe-internacional-politica","category-ultimas-noticias"],"_links":{"self":[{"href":"https:\/\/archive.sana.sy\/es\/index.php?rest_route=\/wp\/v2\/posts\/224764"}],"collection":[{"href":"https:\/\/archive.sana.sy\/es\/index.php?rest_route=\/wp\/v2\/posts"}],"about":[{"href":"https:\/\/archive.sana.sy\/es\/index.php?rest_route=\/wp\/v2\/types\/post"}],"author":[{"embeddable":true,"href":"https:\/\/archive.sana.sy\/es\/index.php?rest_route=\/wp\/v2\/users\/34"}],"replies":[{"embeddable":true,"href":"https:\/\/archive.sana.sy\/es\/index.php?rest_route=%2Fwp%2Fv2%2Fcomments&post=224764"}],"version-history":[{"count":0,"href":"https:\/\/archive.sana.sy\/es\/index.php?rest_route=\/wp\/v2\/posts\/224764\/revisions"}],"wp:featuredmedia":[{"embeddable":true,"href":"https:\/\/archive.sana.sy\/es\/index.php?rest_route=\/wp\/v2\/media\/224765"}],"wp:attachment":[{"href":"https:\/\/archive.sana.sy\/es\/index.php?rest_route=%2Fwp%2Fv2%2Fmedia&parent=224764"}],"wp:term":[{"taxonomy":"category","embeddable":true,"href":"https:\/\/archive.sana.sy\/es\/index.php?rest_route=%2Fwp%2Fv2%2Fcategories&post=224764"},{"taxonomy":"post_tag","embeddable":true,"href":"https:\/\/archive.sana.sy\/es\/index.php?rest_route=%2Fwp%2Fv2%2Ftags&post=224764"}],"curies":[{"name":"wp","href":"https:\/\/api.w.org\/{rel}","templated":true}]}}