{"id":224767,"date":"2022-03-22T06:40:04","date_gmt":"2022-03-22T04:40:04","guid":{"rendered":"http:\/\/107.6.182.27\/es\/?p=224767"},"modified":"2022-03-22T06:40:04","modified_gmt":"2022-03-22T04:40:04","slug":"disminuyen-cifras-de-contagios-por-covid-19-y-siria-reporta-una-jornada-sin-fallecidos-por-esta-enfermedad","status":"publish","type":"post","link":"https:\/\/archive.sana.sy\/es\/?p=224767","title":{"rendered":"Disminuyen cifras de contagios por Covid-19, y Siria reporta una jornada sin fallecidos por esta enfermedad"},"content":{"rendered":"<p style=\"text-align: justify;\"><span style=\"color: #800000;\"><strong>Damasco, 22 mar (SANA) <\/strong><\/span>Actualizaci\u00f3n de la situaci\u00f3n epidemiol\u00f3gica sobre la Covid-19 en Siria:<\/p>\n<p style=\"text-align: justify;\">???? 19 nuevos casos positivos para un total nacional de 55,577.<\/p>\n<p style=\"text-align: justify;\">???? No se han reportado decesos y el total nacional de muertos es 3,127.<\/p>\n<p style=\"text-align: justify;\">???? 54 recuperados para un total de 51,241 dados de alta m\u00e9dica.<\/p>\n<p style=\"text-align: justify;\">???? Las provincias con mayor n\u00famero de infectados son Damasco (9), Tartous (4) y Homs (3).<\/p>\n<p style=\"text-align: justify;\">???? Los casos activos 1,209<\/p>\n<p style=\"text-align: justify;\">\n<p style=\"text-align: justify;\">fm<\/p>\n","protected":false},"excerpt":{"rendered":"<p>Damasco, 22 mar (SANA) Actualizaci\u00f3n de la situaci\u00f3n epidemiol\u00f3gica sobre la Covid-19 en Siria: ???? 19 nuevos casos positivos para un total nacional de 55,577. ???? No se han reportado decesos y el total nacional de muertos es 3,127. ???? 54 recuperados para un total de 51,241 dados de alta m\u00e9dica. ???? Las provincias con &hellip;<\/p>\n","protected":false},"author":34,"featured_media":224768,"comment_status":"closed","ping_status":"closed","sticky":false,"template":"","format":"standard","meta":{"footnotes":""},"categories":[447,597,476,7541],"tags":[],"class_list":["post-224767","post","type-post","status-publish","format-standard","has-post-thumbnail","","category-local-politica","category-cinta-de-noticias","category-locales","category-ultimas-noticias"],"_links":{"self":[{"href":"https:\/\/archive.sana.sy\/es\/index.php?rest_route=\/wp\/v2\/posts\/224767"}],"collection":[{"href":"https:\/\/archive.sana.sy\/es\/index.php?rest_route=\/wp\/v2\/posts"}],"about":[{"href":"https:\/\/archive.sana.sy\/es\/index.php?rest_route=\/wp\/v2\/types\/post"}],"author":[{"embeddable":true,"href":"https:\/\/archive.sana.sy\/es\/index.php?rest_route=\/wp\/v2\/users\/34"}],"replies":[{"embeddable":true,"href":"https:\/\/archive.sana.sy\/es\/index.php?rest_route=%2Fwp%2Fv2%2Fcomments&post=224767"}],"version-history":[{"count":0,"href":"https:\/\/archive.sana.sy\/es\/index.php?rest_route=\/wp\/v2\/posts\/224767\/revisions"}],"wp:featuredmedia":[{"embeddable":true,"href":"https:\/\/archive.sana.sy\/es\/index.php?rest_route=\/wp\/v2\/media\/224768"}],"wp:attachment":[{"href":"https:\/\/archive.sana.sy\/es\/index.php?rest_route=%2Fwp%2Fv2%2Fmedia&parent=224767"}],"wp:term":[{"taxonomy":"category","embeddable":true,"href":"https:\/\/archive.sana.sy\/es\/index.php?rest_route=%2Fwp%2Fv2%2Fcategories&post=224767"},{"taxonomy":"post_tag","embeddable":true,"href":"https:\/\/archive.sana.sy\/es\/index.php?rest_route=%2Fwp%2Fv2%2Ftags&post=224767"}],"curies":[{"name":"wp","href":"https:\/\/api.w.org\/{rel}","templated":true}]}}