{"id":224775,"date":"2022-03-22T09:46:41","date_gmt":"2022-03-22T07:46:41","guid":{"rendered":"http:\/\/107.6.182.27\/es\/?p=224775"},"modified":"2022-03-22T09:46:41","modified_gmt":"2022-03-22T07:46:41","slug":"137-blancos-militares-ucranianos-fueron-destruidos-durante-las-ultimas-24-horas-y-las-fuerzas-armadas-rusas-avanzaron-6-kilometros-en-la-region-de-donetsk-y-controlaron-a-una-de-sus-localidades-anun","status":"publish","type":"post","link":"https:\/\/archive.sana.sy\/es\/?p=224775","title":{"rendered":"137 blancos militares ucranianos fueron destruidos durante las \u00faltimas 24 horas; y las fuerzas armadas rusas avanzaron 6 kil\u00f3metros en la regi\u00f3n de Donetsk y controlaron a una de sus localidades, anuncia Defensa rusa"},"content":{"rendered":"","protected":false},"excerpt":{"rendered":"","protected":false},"author":35,"featured_media":0,"comment_status":"closed","ping_status":"closed","sticky":false,"template":"","format":"standard","meta":{"footnotes":""},"categories":[596],"tags":[],"class_list":["post-224775","post","type-post","status-publish","format-standard","","category-urgente"],"_links":{"self":[{"href":"https:\/\/archive.sana.sy\/es\/index.php?rest_route=\/wp\/v2\/posts\/224775"}],"collection":[{"href":"https:\/\/archive.sana.sy\/es\/index.php?rest_route=\/wp\/v2\/posts"}],"about":[{"href":"https:\/\/archive.sana.sy\/es\/index.php?rest_route=\/wp\/v2\/types\/post"}],"author":[{"embeddable":true,"href":"https:\/\/archive.sana.sy\/es\/index.php?rest_route=\/wp\/v2\/users\/35"}],"replies":[{"embeddable":true,"href":"https:\/\/archive.sana.sy\/es\/index.php?rest_route=%2Fwp%2Fv2%2Fcomments&post=224775"}],"version-history":[{"count":0,"href":"https:\/\/archive.sana.sy\/es\/index.php?rest_route=\/wp\/v2\/posts\/224775\/revisions"}],"wp:attachment":[{"href":"https:\/\/archive.sana.sy\/es\/index.php?rest_route=%2Fwp%2Fv2%2Fmedia&parent=224775"}],"wp:term":[{"taxonomy":"category","embeddable":true,"href":"https:\/\/archive.sana.sy\/es\/index.php?rest_route=%2Fwp%2Fv2%2Fcategories&post=224775"},{"taxonomy":"post_tag","embeddable":true,"href":"https:\/\/archive.sana.sy\/es\/index.php?rest_route=%2Fwp%2Fv2%2Ftags&post=224775"}],"curies":[{"name":"wp","href":"https:\/\/api.w.org\/{rel}","templated":true}]}}