{"id":224784,"date":"2022-03-22T10:33:23","date_gmt":"2022-03-22T08:33:23","guid":{"rendered":"http:\/\/107.6.182.27\/es\/?p=224784"},"modified":"2023-01-10T16:36:09","modified_gmt":"2023-01-10T14:36:09","slug":"divergencias-europeas-sobre-nuevas-sanciones-contra-rusia","status":"publish","type":"post","link":"https:\/\/archive.sana.sy\/es\/?p=224784","title":{"rendered":"Divergencias europeas sobre nuevas sanciones contra Rusia"},"content":{"rendered":"<p style=\"text-align: justify;\"><span style=\"color: #800000;\"><strong>Praga, 22 mar (SANA)\u00a0<\/strong><\/span> El canciller checo, Jan Lipavsky, anunci\u00f3 que los ministros de Exteriores de la Uni\u00f3n Europea (UE) no se pusieron de acuerdo durante su reuni\u00f3n sostenida el \u00faltimo lunes en Bruselas sobre el quinto paquete de sanciones contra Rusia.<\/p>\n<p style=\"text-align: justify;\">En su declaraci\u00f3n, Lipavsky reconoci\u00f3 el surgimiento de opiniones divergentes entre los cancilleres sobre este asunto, por lo que dej\u00f3 la decisi\u00f3n sobre estas nuevas sanciones a los l\u00edderes de los pa\u00edses de la UE que se reunir\u00e1n en Bruselas el pr\u00f3ximo jueves.<\/p>\n<p style=\"text-align: justify;\">Algunos pa\u00edses, entre ellos Rep\u00fablica Checa, Estonia, Letonia, Lituania y Polonia, piden la adopci\u00f3n de sanciones estrictas, aunque hay que tener en cuenta las repercusiones econ\u00f3micas de este paso en los pa\u00edses de la UE, mientras que otros pa\u00edses piden m\u00e1s deliberaci\u00f3n para afrontar las consecuencias de cualquier nueva sanci\u00f3n a Rusia.<\/p>\n<p>ed\/fm<\/p>\n","protected":false},"excerpt":{"rendered":"<p>Praga, 22 mar (SANA)\u00a0 El canciller checo, Jan Lipavsky, anunci\u00f3 que los ministros de Exteriores de la Uni\u00f3n Europea (UE) no se pusieron de acuerdo durante su reuni\u00f3n sostenida el \u00faltimo lunes en Bruselas sobre el quinto paquete de sanciones contra Rusia. En su declaraci\u00f3n, Lipavsky reconoci\u00f3 el surgimiento de opiniones divergentes entre los cancilleres &hellip;<\/p>\n","protected":false},"author":32,"featured_media":224789,"comment_status":"closed","ping_status":"closed","sticky":false,"template":"","format":"standard","meta":{"footnotes":""},"categories":[597,456,7541],"tags":[11651,6695],"class_list":["post-224784","post","type-post","status-publish","format-standard","has-post-thumbnail","","category-cinta-de-noticias","category-arabe-internacional-politica","category-ultimas-noticias","tag-praga","tag-rusia"],"_links":{"self":[{"href":"https:\/\/archive.sana.sy\/es\/index.php?rest_route=\/wp\/v2\/posts\/224784"}],"collection":[{"href":"https:\/\/archive.sana.sy\/es\/index.php?rest_route=\/wp\/v2\/posts"}],"about":[{"href":"https:\/\/archive.sana.sy\/es\/index.php?rest_route=\/wp\/v2\/types\/post"}],"author":[{"embeddable":true,"href":"https:\/\/archive.sana.sy\/es\/index.php?rest_route=\/wp\/v2\/users\/32"}],"replies":[{"embeddable":true,"href":"https:\/\/archive.sana.sy\/es\/index.php?rest_route=%2Fwp%2Fv2%2Fcomments&post=224784"}],"version-history":[{"count":0,"href":"https:\/\/archive.sana.sy\/es\/index.php?rest_route=\/wp\/v2\/posts\/224784\/revisions"}],"wp:featuredmedia":[{"embeddable":true,"href":"https:\/\/archive.sana.sy\/es\/index.php?rest_route=\/wp\/v2\/media\/224789"}],"wp:attachment":[{"href":"https:\/\/archive.sana.sy\/es\/index.php?rest_route=%2Fwp%2Fv2%2Fmedia&parent=224784"}],"wp:term":[{"taxonomy":"category","embeddable":true,"href":"https:\/\/archive.sana.sy\/es\/index.php?rest_route=%2Fwp%2Fv2%2Fcategories&post=224784"},{"taxonomy":"post_tag","embeddable":true,"href":"https:\/\/archive.sana.sy\/es\/index.php?rest_route=%2Fwp%2Fv2%2Ftags&post=224784"}],"curies":[{"name":"wp","href":"https:\/\/api.w.org\/{rel}","templated":true}]}}