{"id":224794,"date":"2022-03-22T10:52:29","date_gmt":"2022-03-22T08:52:29","guid":{"rendered":"http:\/\/107.6.182.27\/es\/?p=224794"},"modified":"2023-01-10T16:36:09","modified_gmt":"2023-01-10T14:36:09","slug":"intercambio-de-prisioneros-por-primera-vez-entre-moscu-y-kiev","status":"publish","type":"post","link":"https:\/\/archive.sana.sy\/es\/?p=224794","title":{"rendered":"Intercambio de prisioneros por primera vez entre Mosc\u00fa y Kiev"},"content":{"rendered":"<p style=\"text-align: justify;\"><strong><span style=\"color: #800000;\">Mosc\u00fa, 22 mar (SANA)<\/span><\/strong>\u00a0 Rusia anunci\u00f3 este martes el primer canje de prisioneros con Ucrania despu\u00e9s de casi un mes del inicio de la operaci\u00f3n militar especial rusa en Ucrania.<\/p>\n<p style=\"text-align: justify;\">&#8220;Nueve soldados rusos fueron intercambiado por el alcalde de Melit\u00f3pol, Ivan Fedorov, quien fue capturado por las fuerzas rusas&#8221;, dijo Tatiana Moskalkova, la Comisionada de Derechos Humanos de Rusia en una entrevista televisiva con el canal RT.<\/p>\n<p style=\"text-align: justify;\">Moskalkova hab\u00eda solicitado al Comit\u00e9 Internacional de la Cruz Roja que brindara asistencia a los prisioneros rusos retenidos por las fuerzas ucranianas.<\/p>\n<p style=\"text-align: justify;\"><em><strong>ws\/fm<\/strong><\/em><\/p>\n","protected":false},"excerpt":{"rendered":"<p>Mosc\u00fa, 22 mar (SANA)\u00a0 Rusia anunci\u00f3 este martes el primer canje de prisioneros con Ucrania despu\u00e9s de casi un mes del inicio de la operaci\u00f3n militar especial rusa en Ucrania. &#8220;Nueve soldados rusos fueron intercambiado por el alcalde de Melit\u00f3pol, Ivan Fedorov, quien fue capturado por las fuerzas rusas&#8221;, dijo Tatiana Moskalkova, la Comisionada de &hellip;<\/p>\n","protected":false},"author":35,"featured_media":224795,"comment_status":"closed","ping_status":"closed","sticky":false,"template":"","format":"standard","meta":{"footnotes":""},"categories":[597,456,457,7541],"tags":[],"class_list":["post-224794","post","type-post","status-publish","format-standard","has-post-thumbnail","","category-cinta-de-noticias","category-arabe-internacional-politica","category-noticias-arabe-internacional-politica","category-ultimas-noticias"],"_links":{"self":[{"href":"https:\/\/archive.sana.sy\/es\/index.php?rest_route=\/wp\/v2\/posts\/224794"}],"collection":[{"href":"https:\/\/archive.sana.sy\/es\/index.php?rest_route=\/wp\/v2\/posts"}],"about":[{"href":"https:\/\/archive.sana.sy\/es\/index.php?rest_route=\/wp\/v2\/types\/post"}],"author":[{"embeddable":true,"href":"https:\/\/archive.sana.sy\/es\/index.php?rest_route=\/wp\/v2\/users\/35"}],"replies":[{"embeddable":true,"href":"https:\/\/archive.sana.sy\/es\/index.php?rest_route=%2Fwp%2Fv2%2Fcomments&post=224794"}],"version-history":[{"count":0,"href":"https:\/\/archive.sana.sy\/es\/index.php?rest_route=\/wp\/v2\/posts\/224794\/revisions"}],"wp:featuredmedia":[{"embeddable":true,"href":"https:\/\/archive.sana.sy\/es\/index.php?rest_route=\/wp\/v2\/media\/224795"}],"wp:attachment":[{"href":"https:\/\/archive.sana.sy\/es\/index.php?rest_route=%2Fwp%2Fv2%2Fmedia&parent=224794"}],"wp:term":[{"taxonomy":"category","embeddable":true,"href":"https:\/\/archive.sana.sy\/es\/index.php?rest_route=%2Fwp%2Fv2%2Fcategories&post=224794"},{"taxonomy":"post_tag","embeddable":true,"href":"https:\/\/archive.sana.sy\/es\/index.php?rest_route=%2Fwp%2Fv2%2Ftags&post=224794"}],"curies":[{"name":"wp","href":"https:\/\/api.w.org\/{rel}","templated":true}]}}