{"id":224822,"date":"2022-03-22T12:54:33","date_gmt":"2022-03-22T10:54:33","guid":{"rendered":"http:\/\/107.6.182.27\/es\/?p=224822"},"modified":"2023-01-10T16:36:08","modified_gmt":"2023-01-10T14:36:08","slug":"lo-que-sucede-en-ucrania-es-un-signo-de-cambio-del-orden-mundial","status":"publish","type":"post","link":"https:\/\/archive.sana.sy\/es\/?p=224822","title":{"rendered":"Lo que sucede en Ucrania es un signo de cambio del orden mundial"},"content":{"rendered":"<p style=\"text-align: justify;\"><strong><span style=\"color: #800000;\">Praga, 22 mar (SANA)\u00a0 \u00a0<\/span><\/strong>El profesor checo Ivo Bodel, consider\u00f3 que lo que ocurre actualmente en Ucrania es uno de los signos de un cambio del orden mundial tras la ca\u00edda de la hegemon\u00eda estadounidense.<\/p>\n<p style=\"text-align: justify;\">\u201cMiles murieron en Kosovo, Irak, Yemen, Afganist\u00e1n y el Donb\u00e1s con el exterminio respaldado por Estados Unidos y Gran Breta\u00f1a, sin embargo no hemos observados este inter\u00e9s de las campa\u00f1as medi\u00e1ticas y la movilizaci\u00f3n de la opini\u00f3n p\u00fablica que estamos presenciando hacia Ucrania\u201d, dijo Bodel en una entrevista para el sitio web checo de \u201cParliamentary Papers\u201d.<\/p>\n<p style=\"text-align: justify;\">Los pol\u00edticos occidentales tienden a predicar \u00e9ticamente sobre la situaci\u00f3n en Ucrania y confrontar a Rusia, pero olvidan lo que han hecho en varios pa\u00edses del mundo, indic\u00f3 Bodel.<\/p>\n<p style=\"text-align: justify;\">ed\/fm<\/p>\n","protected":false},"excerpt":{"rendered":"<p>Praga, 22 mar (SANA)\u00a0 \u00a0El profesor checo Ivo Bodel, consider\u00f3 que lo que ocurre actualmente en Ucrania es uno de los signos de un cambio del orden mundial tras la ca\u00edda de la hegemon\u00eda estadounidense. \u201cMiles murieron en Kosovo, Irak, Yemen, Afganist\u00e1n y el Donb\u00e1s con el exterminio respaldado por Estados Unidos y Gran Breta\u00f1a, &hellip;<\/p>\n","protected":false},"author":32,"featured_media":224823,"comment_status":"closed","ping_status":"closed","sticky":false,"template":"","format":"standard","meta":{"footnotes":""},"categories":[597,456,7541],"tags":[20691,11651],"class_list":["post-224822","post","type-post","status-publish","format-standard","has-post-thumbnail","","category-cinta-de-noticias","category-arabe-internacional-politica","category-ultimas-noticias","tag-donbas","tag-praga"],"_links":{"self":[{"href":"https:\/\/archive.sana.sy\/es\/index.php?rest_route=\/wp\/v2\/posts\/224822"}],"collection":[{"href":"https:\/\/archive.sana.sy\/es\/index.php?rest_route=\/wp\/v2\/posts"}],"about":[{"href":"https:\/\/archive.sana.sy\/es\/index.php?rest_route=\/wp\/v2\/types\/post"}],"author":[{"embeddable":true,"href":"https:\/\/archive.sana.sy\/es\/index.php?rest_route=\/wp\/v2\/users\/32"}],"replies":[{"embeddable":true,"href":"https:\/\/archive.sana.sy\/es\/index.php?rest_route=%2Fwp%2Fv2%2Fcomments&post=224822"}],"version-history":[{"count":0,"href":"https:\/\/archive.sana.sy\/es\/index.php?rest_route=\/wp\/v2\/posts\/224822\/revisions"}],"wp:featuredmedia":[{"embeddable":true,"href":"https:\/\/archive.sana.sy\/es\/index.php?rest_route=\/wp\/v2\/media\/224823"}],"wp:attachment":[{"href":"https:\/\/archive.sana.sy\/es\/index.php?rest_route=%2Fwp%2Fv2%2Fmedia&parent=224822"}],"wp:term":[{"taxonomy":"category","embeddable":true,"href":"https:\/\/archive.sana.sy\/es\/index.php?rest_route=%2Fwp%2Fv2%2Fcategories&post=224822"},{"taxonomy":"post_tag","embeddable":true,"href":"https:\/\/archive.sana.sy\/es\/index.php?rest_route=%2Fwp%2Fv2%2Ftags&post=224822"}],"curies":[{"name":"wp","href":"https:\/\/api.w.org\/{rel}","templated":true}]}}