{"id":224840,"date":"2022-03-22T13:36:37","date_gmt":"2022-03-22T11:36:37","guid":{"rendered":"http:\/\/107.6.182.27\/es\/?p=224840"},"modified":"2023-01-10T16:36:08","modified_gmt":"2023-01-10T14:36:08","slug":"china-a-eeuu-levanten-sanciones-contra-nuestros-funcionarios-o-de-lo-contrario-tomaremos-contramedidas-reciprocas","status":"publish","type":"post","link":"https:\/\/archive.sana.sy\/es\/?p=224840","title":{"rendered":"China a EEUU: levanten sanciones contra nuestros funcionarios o, de lo contrario, tomaremos contramedidas rec\u00edprocas"},"content":{"rendered":"<p style=\"text-align: justify;\">Pek\u00edn, 22 mar (SANA) El portavoz del Ministerio de Asuntos Exteriores chino, Wang Wenbin, inst\u00f3 a las autoridades estadounidenses a levantar las restricciones de visado impuestas contra sus funcionarios o, de lo contrario, China promete tomar contramedidas rec\u00edprocas.<\/p>\n<p style=\"text-align: justify;\">&#8220;Protestamos en\u00e9rgicamente por estas sanciones, que violan gravemente la soberan\u00eda de la Rep\u00fablica Popular China. El mayor violador de los derechos humanos en el mundo es Estados Unidos&#8221;, declar\u00f3 el vocero, citados por la cadena RT.<\/p>\n<p style=\"text-align: justify;\">Asegur\u00f3 que &#8220;si no se levantan estas sanciones contra los funcionarios chinos, daremos una respuesta rec\u00edproca&#8221;.<\/p>\n","protected":false},"excerpt":{"rendered":"<p>Pek\u00edn, 22 mar (SANA) El portavoz del Ministerio de Asuntos Exteriores chino, Wang Wenbin, inst\u00f3 a las autoridades estadounidenses a levantar las restricciones de visado impuestas contra sus funcionarios o, de lo contrario, China promete tomar contramedidas rec\u00edprocas. &#8220;Protestamos en\u00e9rgicamente por estas sanciones, que violan gravemente la soberan\u00eda de la Rep\u00fablica Popular China. El mayor &hellip;<\/p>\n","protected":false},"author":35,"featured_media":224841,"comment_status":"closed","ping_status":"closed","sticky":false,"template":"","format":"standard","meta":{"footnotes":""},"categories":[597,456,457],"tags":[],"class_list":["post-224840","post","type-post","status-publish","format-standard","has-post-thumbnail","","category-cinta-de-noticias","category-arabe-internacional-politica","category-noticias-arabe-internacional-politica"],"_links":{"self":[{"href":"https:\/\/archive.sana.sy\/es\/index.php?rest_route=\/wp\/v2\/posts\/224840"}],"collection":[{"href":"https:\/\/archive.sana.sy\/es\/index.php?rest_route=\/wp\/v2\/posts"}],"about":[{"href":"https:\/\/archive.sana.sy\/es\/index.php?rest_route=\/wp\/v2\/types\/post"}],"author":[{"embeddable":true,"href":"https:\/\/archive.sana.sy\/es\/index.php?rest_route=\/wp\/v2\/users\/35"}],"replies":[{"embeddable":true,"href":"https:\/\/archive.sana.sy\/es\/index.php?rest_route=%2Fwp%2Fv2%2Fcomments&post=224840"}],"version-history":[{"count":0,"href":"https:\/\/archive.sana.sy\/es\/index.php?rest_route=\/wp\/v2\/posts\/224840\/revisions"}],"wp:featuredmedia":[{"embeddable":true,"href":"https:\/\/archive.sana.sy\/es\/index.php?rest_route=\/wp\/v2\/media\/224841"}],"wp:attachment":[{"href":"https:\/\/archive.sana.sy\/es\/index.php?rest_route=%2Fwp%2Fv2%2Fmedia&parent=224840"}],"wp:term":[{"taxonomy":"category","embeddable":true,"href":"https:\/\/archive.sana.sy\/es\/index.php?rest_route=%2Fwp%2Fv2%2Fcategories&post=224840"},{"taxonomy":"post_tag","embeddable":true,"href":"https:\/\/archive.sana.sy\/es\/index.php?rest_route=%2Fwp%2Fv2%2Ftags&post=224840"}],"curies":[{"name":"wp","href":"https:\/\/api.w.org\/{rel}","templated":true}]}}