{"id":224843,"date":"2022-03-22T13:45:06","date_gmt":"2022-03-22T11:45:06","guid":{"rendered":"http:\/\/107.6.182.27\/es\/?p=224843"},"modified":"2023-01-10T16:36:08","modified_gmt":"2023-01-10T14:36:08","slug":"acciones-de-washington-no-afectaran-determinacion-de-rusia-de-alcanzar-sus-objetivos-en-ucrania-afirma-riabkov","status":"publish","type":"post","link":"https:\/\/archive.sana.sy\/es\/?p=224843","title":{"rendered":"Acciones de Washington no afectar\u00e1n determinaci\u00f3n de Rusia de alcanzar sus objetivos en Ucrania, afirma Riabkov"},"content":{"rendered":"<p style=\"text-align: justify;\"><strong><span style=\"color: #800000;\">Mosc\u00fa, 22 mar (SANA)<\/span>\u00a0 \u00a0<\/strong>El viceministro de Exteriores ruso, Sergu\u00e9i Riabkov, dijo hoy que las acciones de EE.UU. no afectan la determinaci\u00f3n de Rusia de alcanzar los objetivos de su operaci\u00f3n militar en Ucrania.<\/p>\n<p style=\"text-align: justify;\">El alto diplom\u00e1tico dijo a TASS que &#8220;para preservar las relaciones, EE.UU. necesita detener su escalada tanto verbalmente como en t\u00e9rminos de suministro de armas al r\u00e9gimen de Kiev y deber\u00eda dejar de lanzar amenazas contra Rusia&#8221;.<\/p>\n<p style=\"text-align: justify;\">El vicecanciller manifest\u00f3 que las relaciones entre Estados Unidos y Rusia est\u00e1n al borde de la ruptura, y que sus perspectivas de futuro dependen de Washington.<\/p>\n<p style=\"text-align: justify;\">fm\/ed<\/p>\n","protected":false},"excerpt":{"rendered":"<p>Mosc\u00fa, 22 mar (SANA)\u00a0 \u00a0El viceministro de Exteriores ruso, Sergu\u00e9i Riabkov, dijo hoy que las acciones de EE.UU. no afectan la determinaci\u00f3n de Rusia de alcanzar los objetivos de su operaci\u00f3n militar en Ucrania. El alto diplom\u00e1tico dijo a TASS que &#8220;para preservar las relaciones, EE.UU. necesita detener su escalada tanto verbalmente como en t\u00e9rminos &hellip;<\/p>\n","protected":false},"author":32,"featured_media":224844,"comment_status":"closed","ping_status":"closed","sticky":false,"template":"","format":"standard","meta":{"footnotes":""},"categories":[597,456,7541],"tags":[],"class_list":["post-224843","post","type-post","status-publish","format-standard","has-post-thumbnail","","category-cinta-de-noticias","category-arabe-internacional-politica","category-ultimas-noticias"],"_links":{"self":[{"href":"https:\/\/archive.sana.sy\/es\/index.php?rest_route=\/wp\/v2\/posts\/224843"}],"collection":[{"href":"https:\/\/archive.sana.sy\/es\/index.php?rest_route=\/wp\/v2\/posts"}],"about":[{"href":"https:\/\/archive.sana.sy\/es\/index.php?rest_route=\/wp\/v2\/types\/post"}],"author":[{"embeddable":true,"href":"https:\/\/archive.sana.sy\/es\/index.php?rest_route=\/wp\/v2\/users\/32"}],"replies":[{"embeddable":true,"href":"https:\/\/archive.sana.sy\/es\/index.php?rest_route=%2Fwp%2Fv2%2Fcomments&post=224843"}],"version-history":[{"count":0,"href":"https:\/\/archive.sana.sy\/es\/index.php?rest_route=\/wp\/v2\/posts\/224843\/revisions"}],"wp:featuredmedia":[{"embeddable":true,"href":"https:\/\/archive.sana.sy\/es\/index.php?rest_route=\/wp\/v2\/media\/224844"}],"wp:attachment":[{"href":"https:\/\/archive.sana.sy\/es\/index.php?rest_route=%2Fwp%2Fv2%2Fmedia&parent=224843"}],"wp:term":[{"taxonomy":"category","embeddable":true,"href":"https:\/\/archive.sana.sy\/es\/index.php?rest_route=%2Fwp%2Fv2%2Fcategories&post=224843"},{"taxonomy":"post_tag","embeddable":true,"href":"https:\/\/archive.sana.sy\/es\/index.php?rest_route=%2Fwp%2Fv2%2Ftags&post=224843"}],"curies":[{"name":"wp","href":"https:\/\/api.w.org\/{rel}","templated":true}]}}