{"id":224898,"date":"2022-03-22T18:59:09","date_gmt":"2022-03-22T16:59:09","guid":{"rendered":"http:\/\/107.6.182.27\/es\/?p=224898"},"modified":"2023-01-10T14:19:19","modified_gmt":"2023-01-10T12:19:19","slug":"nigeria-pide-levantamiento-de-las-medidas-coercitivas-aplicadas-contra-siria","status":"publish","type":"post","link":"https:\/\/archive.sana.sy\/es\/?p=224898","title":{"rendered":"Nigeria pide levantamiento de las medidas coercitivas aplicadas contra Siria"},"content":{"rendered":"<p style=\"text-align: justify\"><span style=\"color: #800000\"><strong>Abuya, 22 mar (SANA)<\/strong><\/span> El ministro de Asuntos Exteriores de Nigeria, Geoffrey Onyeama, subray\u00f3 la necesidad de levantar el bloqueo econ\u00f3mico impuesto a Siria tach\u00e1ndolas de \u201cinjustificadas\u201d.<\/p>\n<p style=\"text-align: justify\">Durante una reuni\u00f3n sostenida este martes con el encargado de Negocios interino de la Embajada de Siria en Abuya, Firas Al-Abdullah, el Canciller resalt\u00f3 las relaciones de amistad que unen los dos pa\u00edses.<\/p>\n<p style=\"text-align: justify\">Enfatiz\u00f3 que la visita del presidente Bashar al-Assad a los Emiratos \u00c1rabes Unidos es una buena evoluci\u00f3n y un paso acogido con benepl\u00e1cito por su pa\u00eds, as\u00ed como una indicaci\u00f3n de que Siria ya ha retornado de nuevo al escenario \u00e1rabe e internacional.<\/p>\n<p style=\"text-align: justify\">Subray\u00f3 la necesidad de levantar todas las medidas aplicadas contra Siria porque \u201cson injustificadas y aumentan el sufrimiento del pueblo sirio\u201d, se\u00f1alando que Nigeria seguir\u00e1 haciendo todo lo posible para apoyar al pa\u00eds \u00e1rabe en la preservaci\u00f3n de su soberan\u00eda e integridad territorial.<\/p>\n<p style=\"text-align: justify\">Por su parte, el Encargado de Negocios sirio hizo una panor\u00e1mica sobre la situaci\u00f3n y los \u00faltimos acontecimientos en Siria y la regi\u00f3n, entre los cuales la importante visita realizada recientemente por el mandatario sirio a los Emiratos \u00c1rabes Unidos.<\/p>\n<p style=\"text-align: justify\">\nla<\/p>\n","protected":false},"excerpt":{"rendered":"<p>Abuya, 22 mar (SANA) El ministro de Asuntos Exteriores de Nigeria, Geoffrey Onyeama, subray\u00f3 la necesidad de levantar el bloqueo econ\u00f3mico impuesto a Siria tach\u00e1ndolas de \u201cinjustificadas\u201d. Durante una reuni\u00f3n sostenida este martes con el encargado de Negocios interino de la Embajada de Siria en Abuya, Firas Al-Abdullah, el Canciller resalt\u00f3 las relaciones de amistad &hellip;<\/p>\n","protected":false},"author":24,"featured_media":224899,"comment_status":"closed","ping_status":"closed","sticky":false,"template":"","format":"standard","meta":{"footnotes":""},"categories":[447,597,467,7541],"tags":[],"class_list":["post-224898","post","type-post","status-publish","format-standard","has-post-thumbnail","","category-local-politica","category-cinta-de-noticias","category-siria-y-el-mundo","category-ultimas-noticias"],"_links":{"self":[{"href":"https:\/\/archive.sana.sy\/es\/index.php?rest_route=\/wp\/v2\/posts\/224898"}],"collection":[{"href":"https:\/\/archive.sana.sy\/es\/index.php?rest_route=\/wp\/v2\/posts"}],"about":[{"href":"https:\/\/archive.sana.sy\/es\/index.php?rest_route=\/wp\/v2\/types\/post"}],"author":[{"embeddable":true,"href":"https:\/\/archive.sana.sy\/es\/index.php?rest_route=\/wp\/v2\/users\/24"}],"replies":[{"embeddable":true,"href":"https:\/\/archive.sana.sy\/es\/index.php?rest_route=%2Fwp%2Fv2%2Fcomments&post=224898"}],"version-history":[{"count":0,"href":"https:\/\/archive.sana.sy\/es\/index.php?rest_route=\/wp\/v2\/posts\/224898\/revisions"}],"wp:featuredmedia":[{"embeddable":true,"href":"https:\/\/archive.sana.sy\/es\/index.php?rest_route=\/wp\/v2\/media\/224899"}],"wp:attachment":[{"href":"https:\/\/archive.sana.sy\/es\/index.php?rest_route=%2Fwp%2Fv2%2Fmedia&parent=224898"}],"wp:term":[{"taxonomy":"category","embeddable":true,"href":"https:\/\/archive.sana.sy\/es\/index.php?rest_route=%2Fwp%2Fv2%2Fcategories&post=224898"},{"taxonomy":"post_tag","embeddable":true,"href":"https:\/\/archive.sana.sy\/es\/index.php?rest_route=%2Fwp%2Fv2%2Ftags&post=224898"}],"curies":[{"name":"wp","href":"https:\/\/api.w.org\/{rel}","templated":true}]}}