{"id":22490,"date":"2015-05-03T15:47:33","date_gmt":"2015-05-03T12:47:33","guid":{"rendered":"http:\/\/www.sana.sy\/es\/?p=22490"},"modified":"2015-05-03T19:48:22","modified_gmt":"2015-05-03T16:48:22","slug":"fuente-de-seguridad-frances-104-la-cifra-de-terroristas-muertos-que-llevaban-la-nacionalidad-francesa","status":"publish","type":"post","link":"https:\/\/archive.sana.sy\/es\/?p=22490","title":{"rendered":"Fuente de Seguridad franc\u00e9s: 104 la cifra de terroristas muertos que llevaban la nacionalidad francesa"},"content":{"rendered":"<p>Paris-SANA<\/p>\n<p>Una fuente en el cuerpo de lucha contra el terrorismo en Francia declar\u00f3 que la cifra de los terroristas franceses que fueron asesinados en Siria e Irak y fueron identificados aument\u00f3 a ciento cuatro, entre ellos dos menores de doce y catorce a\u00f1os de edad, quienes partieron de Francia junto a su madre de la ciudad de Toulouse, al sur del pa\u00eds, despu\u00e9s de que la misma adopt\u00f3 un pensamiento extremista, sin ofrecer m\u00e1s detalles sobre su identidad.<\/p>\n<p>El mismo organismo record\u00f3 que alrededor de 800 cientos terroristas franceses se dirigieron hacia Siria e Irak y todav\u00eda existen 450 elementos de ellos all\u00e1.<\/p>\n<p>Yamil K.<\/p>\n","protected":false},"excerpt":{"rendered":"<p>Paris-SANA Una fuente en el cuerpo de lucha contra el terrorismo en Francia declar\u00f3 que la cifra de los terroristas franceses que fueron asesinados en Siria e Irak y fueron identificados aument\u00f3 a ciento cuatro, entre ellos dos menores de doce y catorce a\u00f1os de edad, quienes partieron de Francia junto a su madre de &hellip;<\/p>\n","protected":false},"author":1,"featured_media":22491,"comment_status":"closed","ping_status":"closed","sticky":false,"template":"","format":"standard","meta":{"footnotes":""},"categories":[456,457,576],"tags":[],"class_list":["post-22490","post","type-post","status-publish","format-standard","has-post-thumbnail","","category-arabe-internacional-politica","category-noticias-arabe-internacional-politica","category-noticias-politicas"],"_links":{"self":[{"href":"https:\/\/archive.sana.sy\/es\/index.php?rest_route=\/wp\/v2\/posts\/22490"}],"collection":[{"href":"https:\/\/archive.sana.sy\/es\/index.php?rest_route=\/wp\/v2\/posts"}],"about":[{"href":"https:\/\/archive.sana.sy\/es\/index.php?rest_route=\/wp\/v2\/types\/post"}],"author":[{"embeddable":true,"href":"https:\/\/archive.sana.sy\/es\/index.php?rest_route=\/wp\/v2\/users\/1"}],"replies":[{"embeddable":true,"href":"https:\/\/archive.sana.sy\/es\/index.php?rest_route=%2Fwp%2Fv2%2Fcomments&post=22490"}],"version-history":[{"count":0,"href":"https:\/\/archive.sana.sy\/es\/index.php?rest_route=\/wp\/v2\/posts\/22490\/revisions"}],"wp:featuredmedia":[{"embeddable":true,"href":"https:\/\/archive.sana.sy\/es\/index.php?rest_route=\/wp\/v2\/media\/22491"}],"wp:attachment":[{"href":"https:\/\/archive.sana.sy\/es\/index.php?rest_route=%2Fwp%2Fv2%2Fmedia&parent=22490"}],"wp:term":[{"taxonomy":"category","embeddable":true,"href":"https:\/\/archive.sana.sy\/es\/index.php?rest_route=%2Fwp%2Fv2%2Fcategories&post=22490"},{"taxonomy":"post_tag","embeddable":true,"href":"https:\/\/archive.sana.sy\/es\/index.php?rest_route=%2Fwp%2Fv2%2Ftags&post=22490"}],"curies":[{"name":"wp","href":"https:\/\/api.w.org\/{rel}","templated":true}]}}