{"id":224916,"date":"2022-03-22T20:08:01","date_gmt":"2022-03-22T18:08:01","guid":{"rendered":"http:\/\/107.6.182.27\/es\/?p=224916"},"modified":"2023-01-10T15:37:52","modified_gmt":"2023-01-10T13:37:52","slug":"en-fotos-donan-55-sillas-de-ruedas-a-personas-con-discapacidad-fisica","status":"publish","type":"post","link":"https:\/\/archive.sana.sy\/es\/?p=224916","title":{"rendered":"Donan 55 sillas de ruedas a personas con discapacidad f\u00edsica (+fotos)"},"content":{"rendered":"<p style=\"text-align: justify\"><span style=\"color: #800000\"><strong>Damasco, 22 mar (SANA)<\/strong><\/span> La Asociaci\u00f3n de los Agricultores del Pueblo de Masaadah en el Gol\u00e1n sirio ocupado don\u00f3 55 sillas de ruedas a personas con discapacidad f\u00edsica en Damasco.<\/p>\n<p style=\"text-align: justify\">La mayor parte de las sillas fueron dedicadas a ni\u00f1os con discapacidad para que puedan ir a las escuelas, seg\u00fan inform\u00f3 un responsable de la junta directiva de la Asociaci\u00f3n.<\/p>\n<p style=\"text-align: justify\">Explic\u00f3 que anteriormente fueron distribuidas unas 27 sillas a alumnos menores de edad en la provincia sure\u00f1a de Swaida.<\/p>\n<div id='gallery-1' class='gallery galleryid-224916 gallery-columns-1 gallery-size-full'><figure class='gallery-item'>\n\t\t\t<div class='gallery-icon landscape'>\n\t\t\t\t<a href='https:\/\/archive.sana.sy\/es\/wp-content\/uploads\/2022\/03\/sillas-de-ruedas-1.jpg'><img loading=\"lazy\" decoding=\"async\" width=\"660\" height=\"440\" src=\"https:\/\/archive.sana.sy\/es\/wp-content\/uploads\/2022\/03\/sillas-de-ruedas-1.jpg\" class=\"attachment-full size-full\" alt=\"\" srcset=\"https:\/\/archive.sana.sy\/es\/wp-content\/uploads\/2022\/03\/sillas-de-ruedas-1.jpg 660w, https:\/\/archive.sana.sy\/es\/wp-content\/uploads\/2022\/03\/sillas-de-ruedas-1-300x200.jpg 300w, https:\/\/archive.sana.sy\/es\/wp-content\/uploads\/2022\/03\/sillas-de-ruedas-1-150x100.jpg 150w\" sizes=\"(max-width: 660px) 100vw, 660px\" \/><\/a>\n\t\t\t<\/div><\/figure><figure class='gallery-item'>\n\t\t\t<div class='gallery-icon landscape'>\n\t\t\t\t<a href='https:\/\/archive.sana.sy\/es\/wp-content\/uploads\/2022\/03\/sillas-de-ruedas-2.jpg'><img loading=\"lazy\" decoding=\"async\" width=\"660\" height=\"440\" src=\"https:\/\/archive.sana.sy\/es\/wp-content\/uploads\/2022\/03\/sillas-de-ruedas-2.jpg\" class=\"attachment-full size-full\" alt=\"\" srcset=\"https:\/\/archive.sana.sy\/es\/wp-content\/uploads\/2022\/03\/sillas-de-ruedas-2.jpg 660w, https:\/\/archive.sana.sy\/es\/wp-content\/uploads\/2022\/03\/sillas-de-ruedas-2-300x200.jpg 300w, https:\/\/archive.sana.sy\/es\/wp-content\/uploads\/2022\/03\/sillas-de-ruedas-2-150x100.jpg 150w\" sizes=\"(max-width: 660px) 100vw, 660px\" \/><\/a>\n\t\t\t<\/div><\/figure><figure class='gallery-item'>\n\t\t\t<div class='gallery-icon landscape'>\n\t\t\t\t<a href='https:\/\/archive.sana.sy\/es\/wp-content\/uploads\/2022\/03\/sillas-de-ruedas-3.jpg'><img loading=\"lazy\" decoding=\"async\" width=\"660\" height=\"440\" src=\"https:\/\/archive.sana.sy\/es\/wp-content\/uploads\/2022\/03\/sillas-de-ruedas-3.jpg\" class=\"attachment-full size-full\" alt=\"\" srcset=\"https:\/\/archive.sana.sy\/es\/wp-content\/uploads\/2022\/03\/sillas-de-ruedas-3.jpg 660w, https:\/\/archive.sana.sy\/es\/wp-content\/uploads\/2022\/03\/sillas-de-ruedas-3-300x200.jpg 300w, https:\/\/archive.sana.sy\/es\/wp-content\/uploads\/2022\/03\/sillas-de-ruedas-3-150x100.jpg 150w\" sizes=\"(max-width: 660px) 100vw, 660px\" \/><\/a>\n\t\t\t<\/div><\/figure><figure class='gallery-item'>\n\t\t\t<div class='gallery-icon landscape'>\n\t\t\t\t<a href='https:\/\/archive.sana.sy\/es\/wp-content\/uploads\/2022\/03\/sillas-de-ruedas-4.jpg'><img loading=\"lazy\" decoding=\"async\" width=\"660\" height=\"440\" src=\"https:\/\/archive.sana.sy\/es\/wp-content\/uploads\/2022\/03\/sillas-de-ruedas-4.jpg\" class=\"attachment-full size-full\" alt=\"\" srcset=\"https:\/\/archive.sana.sy\/es\/wp-content\/uploads\/2022\/03\/sillas-de-ruedas-4.jpg 660w, https:\/\/archive.sana.sy\/es\/wp-content\/uploads\/2022\/03\/sillas-de-ruedas-4-300x200.jpg 300w, https:\/\/archive.sana.sy\/es\/wp-content\/uploads\/2022\/03\/sillas-de-ruedas-4-150x100.jpg 150w\" sizes=\"(max-width: 660px) 100vw, 660px\" \/><\/a>\n\t\t\t<\/div><\/figure><figure class='gallery-item'>\n\t\t\t<div class='gallery-icon landscape'>\n\t\t\t\t<a href='https:\/\/archive.sana.sy\/es\/wp-content\/uploads\/2022\/03\/sillas-de-ruedas-5.jpg'><img loading=\"lazy\" decoding=\"async\" width=\"660\" height=\"460\" src=\"https:\/\/archive.sana.sy\/es\/wp-content\/uploads\/2022\/03\/sillas-de-ruedas-5.jpg\" class=\"attachment-full size-full\" alt=\"\" srcset=\"https:\/\/archive.sana.sy\/es\/wp-content\/uploads\/2022\/03\/sillas-de-ruedas-5.jpg 660w, https:\/\/archive.sana.sy\/es\/wp-content\/uploads\/2022\/03\/sillas-de-ruedas-5-300x209.jpg 300w, https:\/\/archive.sana.sy\/es\/wp-content\/uploads\/2022\/03\/sillas-de-ruedas-5-150x105.jpg 150w\" sizes=\"(max-width: 660px) 100vw, 660px\" \/><\/a>\n\t\t\t<\/div><\/figure><figure class='gallery-item'>\n\t\t\t<div class='gallery-icon landscape'>\n\t\t\t\t<a href='https:\/\/archive.sana.sy\/es\/wp-content\/uploads\/2022\/03\/sillas-de-ruedas-6.jpg'><img loading=\"lazy\" decoding=\"async\" width=\"660\" height=\"440\" src=\"https:\/\/archive.sana.sy\/es\/wp-content\/uploads\/2022\/03\/sillas-de-ruedas-6.jpg\" class=\"attachment-full size-full\" alt=\"\" srcset=\"https:\/\/archive.sana.sy\/es\/wp-content\/uploads\/2022\/03\/sillas-de-ruedas-6.jpg 660w, https:\/\/archive.sana.sy\/es\/wp-content\/uploads\/2022\/03\/sillas-de-ruedas-6-300x200.jpg 300w, https:\/\/archive.sana.sy\/es\/wp-content\/uploads\/2022\/03\/sillas-de-ruedas-6-150x100.jpg 150w\" sizes=\"(max-width: 660px) 100vw, 660px\" \/><\/a>\n\t\t\t<\/div><\/figure><figure class='gallery-item'>\n\t\t\t<div class='gallery-icon landscape'>\n\t\t\t\t<a href='https:\/\/archive.sana.sy\/es\/wp-content\/uploads\/2022\/03\/sillas-de-ruedas-7.jpg'><img loading=\"lazy\" decoding=\"async\" width=\"660\" height=\"440\" src=\"https:\/\/archive.sana.sy\/es\/wp-content\/uploads\/2022\/03\/sillas-de-ruedas-7.jpg\" class=\"attachment-full size-full\" alt=\"\" srcset=\"https:\/\/archive.sana.sy\/es\/wp-content\/uploads\/2022\/03\/sillas-de-ruedas-7.jpg 660w, https:\/\/archive.sana.sy\/es\/wp-content\/uploads\/2022\/03\/sillas-de-ruedas-7-300x200.jpg 300w, https:\/\/archive.sana.sy\/es\/wp-content\/uploads\/2022\/03\/sillas-de-ruedas-7-150x100.jpg 150w\" sizes=\"(max-width: 660px) 100vw, 660px\" \/><\/a>\n\t\t\t<\/div><\/figure>\n\t\t<\/div>\n\n<p style=\"text-align: justify\">la<\/p>\n","protected":false},"excerpt":{"rendered":"<p>Damasco, 22 mar (SANA) La Asociaci\u00f3n de los Agricultores del Pueblo de Masaadah en el Gol\u00e1n sirio ocupado don\u00f3 55 sillas de ruedas a personas con discapacidad f\u00edsica en Damasco. La mayor parte de las sillas fueron dedicadas a ni\u00f1os con discapacidad para que puedan ir a las escuelas, seg\u00fan inform\u00f3 un responsable de la &hellip;<\/p>\n","protected":false},"author":24,"featured_media":224917,"comment_status":"closed","ping_status":"closed","sticky":false,"template":"","format":"standard","meta":{"footnotes":""},"categories":[447,597,625,623,476,616,571],"tags":[],"class_list":["post-224916","post","type-post","status-publish","format-standard","has-post-thumbnail","","category-local-politica","category-cinta-de-noticias","category-fotos-fotos-sana","category-fotos-sana","category-locales","category-noticias-en-fotos","category-siria-en-fotos"],"_links":{"self":[{"href":"https:\/\/archive.sana.sy\/es\/index.php?rest_route=\/wp\/v2\/posts\/224916"}],"collection":[{"href":"https:\/\/archive.sana.sy\/es\/index.php?rest_route=\/wp\/v2\/posts"}],"about":[{"href":"https:\/\/archive.sana.sy\/es\/index.php?rest_route=\/wp\/v2\/types\/post"}],"author":[{"embeddable":true,"href":"https:\/\/archive.sana.sy\/es\/index.php?rest_route=\/wp\/v2\/users\/24"}],"replies":[{"embeddable":true,"href":"https:\/\/archive.sana.sy\/es\/index.php?rest_route=%2Fwp%2Fv2%2Fcomments&post=224916"}],"version-history":[{"count":0,"href":"https:\/\/archive.sana.sy\/es\/index.php?rest_route=\/wp\/v2\/posts\/224916\/revisions"}],"wp:featuredmedia":[{"embeddable":true,"href":"https:\/\/archive.sana.sy\/es\/index.php?rest_route=\/wp\/v2\/media\/224917"}],"wp:attachment":[{"href":"https:\/\/archive.sana.sy\/es\/index.php?rest_route=%2Fwp%2Fv2%2Fmedia&parent=224916"}],"wp:term":[{"taxonomy":"category","embeddable":true,"href":"https:\/\/archive.sana.sy\/es\/index.php?rest_route=%2Fwp%2Fv2%2Fcategories&post=224916"},{"taxonomy":"post_tag","embeddable":true,"href":"https:\/\/archive.sana.sy\/es\/index.php?rest_route=%2Fwp%2Fv2%2Ftags&post=224916"}],"curies":[{"name":"wp","href":"https:\/\/api.w.org\/{rel}","templated":true}]}}