{"id":22493,"date":"2015-05-03T14:52:19","date_gmt":"2015-05-03T11:52:19","guid":{"rendered":"http:\/\/www.sana.sy\/es\/?p=22493"},"modified":"2015-05-03T19:53:03","modified_gmt":"2015-05-03T16:53:03","slug":"al-abadi-rechaza-ley-estadounidense-para-debilitar-irak","status":"publish","type":"post","link":"https:\/\/archive.sana.sy\/es\/?p=22493","title":{"rendered":"Al Abadi rechaza ley estadounidense para debilitar Irak"},"content":{"rendered":"<p>Bagdad-SANA<\/p>\n<p>Una fuente Iraqu\u00ed en el despacho del primer ministro iraqu\u00ed, Haidar Al Abadi, afirm\u00f3 que la introducci\u00f3n de cualquier tipo de armas a Irak tiene que ser bajo el control y la supervisi\u00f3n del estado Iraqu\u00ed y en virtud del derecho internacional.<\/p>\n<p>Durante una conversaci\u00f3n telef\u00f3nica con el vice-presidente Estadounidense John Biden, Al Abadi subray\u00f3 que su pa\u00eds rechazo las propuestas de leyes y proyectos que tienen el objetivo de debilitar la uni\u00f3n del pa\u00eds.<\/p>\n<p>Por \u00faltimo, Baiden se\u00f1al\u00f3 que Washington est\u00e1 comprometida con la Convenci\u00f3n sobre el marco estrat\u00e9gico para la protecci\u00f3n de la unidad de Irak, reiterando el compromiso de su pa\u00eds con el acuerdo marco estrat\u00e9gico para defender la unidad de Irak.<\/p>\n<p>Yamil K.<\/p>\n","protected":false},"excerpt":{"rendered":"<p>Bagdad-SANA Una fuente Iraqu\u00ed en el despacho del primer ministro iraqu\u00ed, Haidar Al Abadi, afirm\u00f3 que la introducci\u00f3n de cualquier tipo de armas a Irak tiene que ser bajo el control y la supervisi\u00f3n del estado Iraqu\u00ed y en virtud del derecho internacional. Durante una conversaci\u00f3n telef\u00f3nica con el vice-presidente Estadounidense John Biden, Al Abadi &hellip;<\/p>\n","protected":false},"author":1,"featured_media":22494,"comment_status":"closed","ping_status":"closed","sticky":false,"template":"","format":"standard","meta":{"footnotes":""},"categories":[456,457,576],"tags":[],"class_list":["post-22493","post","type-post","status-publish","format-standard","has-post-thumbnail","","category-arabe-internacional-politica","category-noticias-arabe-internacional-politica","category-noticias-politicas"],"_links":{"self":[{"href":"https:\/\/archive.sana.sy\/es\/index.php?rest_route=\/wp\/v2\/posts\/22493"}],"collection":[{"href":"https:\/\/archive.sana.sy\/es\/index.php?rest_route=\/wp\/v2\/posts"}],"about":[{"href":"https:\/\/archive.sana.sy\/es\/index.php?rest_route=\/wp\/v2\/types\/post"}],"author":[{"embeddable":true,"href":"https:\/\/archive.sana.sy\/es\/index.php?rest_route=\/wp\/v2\/users\/1"}],"replies":[{"embeddable":true,"href":"https:\/\/archive.sana.sy\/es\/index.php?rest_route=%2Fwp%2Fv2%2Fcomments&post=22493"}],"version-history":[{"count":0,"href":"https:\/\/archive.sana.sy\/es\/index.php?rest_route=\/wp\/v2\/posts\/22493\/revisions"}],"wp:featuredmedia":[{"embeddable":true,"href":"https:\/\/archive.sana.sy\/es\/index.php?rest_route=\/wp\/v2\/media\/22494"}],"wp:attachment":[{"href":"https:\/\/archive.sana.sy\/es\/index.php?rest_route=%2Fwp%2Fv2%2Fmedia&parent=22493"}],"wp:term":[{"taxonomy":"category","embeddable":true,"href":"https:\/\/archive.sana.sy\/es\/index.php?rest_route=%2Fwp%2Fv2%2Fcategories&post=22493"},{"taxonomy":"post_tag","embeddable":true,"href":"https:\/\/archive.sana.sy\/es\/index.php?rest_route=%2Fwp%2Fv2%2Ftags&post=22493"}],"curies":[{"name":"wp","href":"https:\/\/api.w.org\/{rel}","templated":true}]}}