{"id":224971,"date":"2022-03-22T22:27:30","date_gmt":"2022-03-22T20:27:30","guid":{"rendered":"http:\/\/107.6.182.27\/es\/?p=224971"},"modified":"2022-03-23T20:43:53","modified_gmt":"2022-03-23T18:43:53","slug":"disminuyen-cifras-de-contagios-por-covid-19-y-siria-reporta-una-jornada-sin-fallecidos-por-esta-enfermedad-2","status":"publish","type":"post","link":"https:\/\/archive.sana.sy\/es\/?p=224971","title":{"rendered":"Disminuyen cifras de contagios por Covid-19"},"content":{"rendered":"<p><span style=\"color: #800000;\"><strong>Damasco, 22 mar (SANA)\u00a0<\/strong><\/span><\/p>\n<p>Actualizaci\u00f3n de la situaci\u00f3n epidemiol\u00f3gica sobre la Covid-19 en Siria:<\/p>\n<p>???? 18 nuevos casos positivos para un total nacional de 55,595.<\/p>\n<p>???? Un nuevo deceso \u00a0y el total nacional es 3,128.<\/p>\n<p>???? 35\u00a0 recuperados para un total de 51,276 dados de alta m\u00e9dica.<\/p>\n<p>???? Las provincias con mayor n\u00famero de infectados son Damasco (6), Latakaia (5) y Homs (3).<\/p>\n<p>&nbsp;<\/p>\n<p>mm<\/p>\n","protected":false},"excerpt":{"rendered":"<p>Damasco, 22 mar (SANA)\u00a0 Actualizaci\u00f3n de la situaci\u00f3n epidemiol\u00f3gica sobre la Covid-19 en Siria: ???? 18 nuevos casos positivos para un total nacional de 55,595. ???? Un nuevo deceso \u00a0y el total nacional es 3,128. ???? 35\u00a0 recuperados para un total de 51,276 dados de alta m\u00e9dica. ???? Las provincias con mayor n\u00famero de infectados &hellip;<\/p>\n","protected":false},"author":36,"featured_media":224973,"comment_status":"closed","ping_status":"closed","sticky":false,"template":"","format":"standard","meta":{"footnotes":""},"categories":[597,476],"tags":[],"class_list":["post-224971","post","type-post","status-publish","format-standard","has-post-thumbnail","","category-cinta-de-noticias","category-locales"],"_links":{"self":[{"href":"https:\/\/archive.sana.sy\/es\/index.php?rest_route=\/wp\/v2\/posts\/224971"}],"collection":[{"href":"https:\/\/archive.sana.sy\/es\/index.php?rest_route=\/wp\/v2\/posts"}],"about":[{"href":"https:\/\/archive.sana.sy\/es\/index.php?rest_route=\/wp\/v2\/types\/post"}],"author":[{"embeddable":true,"href":"https:\/\/archive.sana.sy\/es\/index.php?rest_route=\/wp\/v2\/users\/36"}],"replies":[{"embeddable":true,"href":"https:\/\/archive.sana.sy\/es\/index.php?rest_route=%2Fwp%2Fv2%2Fcomments&post=224971"}],"version-history":[{"count":0,"href":"https:\/\/archive.sana.sy\/es\/index.php?rest_route=\/wp\/v2\/posts\/224971\/revisions"}],"wp:featuredmedia":[{"embeddable":true,"href":"https:\/\/archive.sana.sy\/es\/index.php?rest_route=\/wp\/v2\/media\/224973"}],"wp:attachment":[{"href":"https:\/\/archive.sana.sy\/es\/index.php?rest_route=%2Fwp%2Fv2%2Fmedia&parent=224971"}],"wp:term":[{"taxonomy":"category","embeddable":true,"href":"https:\/\/archive.sana.sy\/es\/index.php?rest_route=%2Fwp%2Fv2%2Fcategories&post=224971"},{"taxonomy":"post_tag","embeddable":true,"href":"https:\/\/archive.sana.sy\/es\/index.php?rest_route=%2Fwp%2Fv2%2Ftags&post=224971"}],"curies":[{"name":"wp","href":"https:\/\/api.w.org\/{rel}","templated":true}]}}