{"id":224975,"date":"2022-03-22T22:33:31","date_gmt":"2022-03-22T20:33:31","guid":{"rendered":"http:\/\/107.6.182.27\/es\/?p=224975"},"modified":"2023-01-10T16:36:07","modified_gmt":"2023-01-10T14:36:07","slug":"legisladores-rusos-piden-investigaciones-sobre-laboratorios-biologicos-estadounidenses-en-ucrania","status":"publish","type":"post","link":"https:\/\/archive.sana.sy\/es\/?p=224975","title":{"rendered":"Legisladores rusos piden investigaciones sobre laboratorios biol\u00f3gicos estadounidenses en Ucrania"},"content":{"rendered":"<p style=\"text-align: justify;\"><strong><span style=\"color: #800000;\">Mosc\u00fa, 22 mar (SANA)\u00a0<\/span> <\/strong><span style=\"color: #000000;\">Varios le<\/span>gisladores de la Duma rusa votaron hoy para aprobar un documento para iniciar una investigaci\u00f3n parlamentaria sobre las actividades de los laboratorios biol\u00f3gicos operados por Washington en Ucrania.<\/p>\n<p style=\"text-align: justify;\">La agencia rusa de noticias TASS inform\u00f3 que el documento prev\u00e9 la formaci\u00f3n de una comisi\u00f3n especial sobre el referido tema en conjunto con el Consejo Federal Ruso.<\/p>\n<p style=\"text-align: justify;\">&#8220;Una comisi\u00f3n para enfocarse en este asunto estar\u00e1 compuesta por 14 personas\u201d, agreg\u00f3<\/p>\n<p style=\"text-align: justify;\">Anteriormente, la subsecretaria de Estado de Asuntos Pol\u00edticos de EE. UU., Victoria Nuland, confirm\u00f3 la existencia de instalaciones de investigaci\u00f3n biol\u00f3gica en el territorio ucraniano y dijo que su pa\u00eds estaba trabajando para evitar que estos sitios cayeran bajo el control de Mosc\u00fa.<\/p>\n<p style=\"text-align: justify;\">sm\/mm<\/p>\n","protected":false},"excerpt":{"rendered":"<p>Mosc\u00fa, 22 mar (SANA)\u00a0 Varios legisladores de la Duma rusa votaron hoy para aprobar un documento para iniciar una investigaci\u00f3n parlamentaria sobre las actividades de los laboratorios biol\u00f3gicos operados por Washington en Ucrania. La agencia rusa de noticias TASS inform\u00f3 que el documento prev\u00e9 la formaci\u00f3n de una comisi\u00f3n especial sobre el referido tema en &hellip;<\/p>\n","protected":false},"author":39,"featured_media":224976,"comment_status":"closed","ping_status":"closed","sticky":false,"template":"","format":"standard","meta":{"footnotes":""},"categories":[597,456,457,7541],"tags":[],"class_list":["post-224975","post","type-post","status-publish","format-standard","has-post-thumbnail","","category-cinta-de-noticias","category-arabe-internacional-politica","category-noticias-arabe-internacional-politica","category-ultimas-noticias"],"_links":{"self":[{"href":"https:\/\/archive.sana.sy\/es\/index.php?rest_route=\/wp\/v2\/posts\/224975"}],"collection":[{"href":"https:\/\/archive.sana.sy\/es\/index.php?rest_route=\/wp\/v2\/posts"}],"about":[{"href":"https:\/\/archive.sana.sy\/es\/index.php?rest_route=\/wp\/v2\/types\/post"}],"author":[{"embeddable":true,"href":"https:\/\/archive.sana.sy\/es\/index.php?rest_route=\/wp\/v2\/users\/39"}],"replies":[{"embeddable":true,"href":"https:\/\/archive.sana.sy\/es\/index.php?rest_route=%2Fwp%2Fv2%2Fcomments&post=224975"}],"version-history":[{"count":0,"href":"https:\/\/archive.sana.sy\/es\/index.php?rest_route=\/wp\/v2\/posts\/224975\/revisions"}],"wp:featuredmedia":[{"embeddable":true,"href":"https:\/\/archive.sana.sy\/es\/index.php?rest_route=\/wp\/v2\/media\/224976"}],"wp:attachment":[{"href":"https:\/\/archive.sana.sy\/es\/index.php?rest_route=%2Fwp%2Fv2%2Fmedia&parent=224975"}],"wp:term":[{"taxonomy":"category","embeddable":true,"href":"https:\/\/archive.sana.sy\/es\/index.php?rest_route=%2Fwp%2Fv2%2Fcategories&post=224975"},{"taxonomy":"post_tag","embeddable":true,"href":"https:\/\/archive.sana.sy\/es\/index.php?rest_route=%2Fwp%2Fv2%2Ftags&post=224975"}],"curies":[{"name":"wp","href":"https:\/\/api.w.org\/{rel}","templated":true}]}}