{"id":224978,"date":"2022-03-22T22:47:08","date_gmt":"2022-03-22T20:47:08","guid":{"rendered":"http:\/\/107.6.182.27\/es\/?p=224978"},"modified":"2023-01-10T16:36:06","modified_gmt":"2023-01-10T14:36:06","slug":"putin-y-macron-examinan-telefonicamente-la-situacion-en-ucrania","status":"publish","type":"post","link":"https:\/\/archive.sana.sy\/es\/?p=224978","title":{"rendered":"Putin y Macron examinan telef\u00f3nicamente la situaci\u00f3n en Ucrania"},"content":{"rendered":"<p style=\"text-align: justify;\"><span style=\"color: #800000;\"><strong>Mosc\u00fa, 22 mar (SANA)\u00a0 <\/strong><\/span>El presidente de Rusia, Vlad\u00edmir Putin, sostuvo una conversaci\u00f3n telef\u00f3nica con su hom\u00f3logo franc\u00e9s, Emmanuel Macron, en la que abord\u00f3 los \u00faltimos desarrollos relacionados con la situaci\u00f3n en Ucrania.<\/p>\n<p style=\"text-align: justify;\">\u201cPor iniciativa de la parte francesa, Putin mantuvo una conversaci\u00f3n telef\u00f3nica con Macron, durante la cual tuvo lugar un amplio intercambio de puntos de vista sobre la situaci\u00f3n en Ucrania\u201d, difundi\u00f3 la agencia TASS citando a la presidencia rusa.<\/p>\n<p style=\"text-align: justify;\">Adem\u00e1s, ambos mandatarios analizaron la trayectoria de las negociaciones en curso entre los representantes de Rusia y Ucrania.<\/p>\n<p style=\"text-align: justify;\">sm\/mm<\/p>\n<p style=\"text-align: justify;\">\n","protected":false},"excerpt":{"rendered":"<p>Mosc\u00fa, 22 mar (SANA)\u00a0 El presidente de Rusia, Vlad\u00edmir Putin, sostuvo una conversaci\u00f3n telef\u00f3nica con su hom\u00f3logo franc\u00e9s, Emmanuel Macron, en la que abord\u00f3 los \u00faltimos desarrollos relacionados con la situaci\u00f3n en Ucrania. \u201cPor iniciativa de la parte francesa, Putin mantuvo una conversaci\u00f3n telef\u00f3nica con Macron, durante la cual tuvo lugar un amplio intercambio de &hellip;<\/p>\n","protected":false},"author":39,"featured_media":224979,"comment_status":"closed","ping_status":"closed","sticky":false,"template":"","format":"standard","meta":{"footnotes":""},"categories":[597,456,457,7541],"tags":[],"class_list":["post-224978","post","type-post","status-publish","format-standard","has-post-thumbnail","","category-cinta-de-noticias","category-arabe-internacional-politica","category-noticias-arabe-internacional-politica","category-ultimas-noticias"],"_links":{"self":[{"href":"https:\/\/archive.sana.sy\/es\/index.php?rest_route=\/wp\/v2\/posts\/224978"}],"collection":[{"href":"https:\/\/archive.sana.sy\/es\/index.php?rest_route=\/wp\/v2\/posts"}],"about":[{"href":"https:\/\/archive.sana.sy\/es\/index.php?rest_route=\/wp\/v2\/types\/post"}],"author":[{"embeddable":true,"href":"https:\/\/archive.sana.sy\/es\/index.php?rest_route=\/wp\/v2\/users\/39"}],"replies":[{"embeddable":true,"href":"https:\/\/archive.sana.sy\/es\/index.php?rest_route=%2Fwp%2Fv2%2Fcomments&post=224978"}],"version-history":[{"count":0,"href":"https:\/\/archive.sana.sy\/es\/index.php?rest_route=\/wp\/v2\/posts\/224978\/revisions"}],"wp:featuredmedia":[{"embeddable":true,"href":"https:\/\/archive.sana.sy\/es\/index.php?rest_route=\/wp\/v2\/media\/224979"}],"wp:attachment":[{"href":"https:\/\/archive.sana.sy\/es\/index.php?rest_route=%2Fwp%2Fv2%2Fmedia&parent=224978"}],"wp:term":[{"taxonomy":"category","embeddable":true,"href":"https:\/\/archive.sana.sy\/es\/index.php?rest_route=%2Fwp%2Fv2%2Fcategories&post=224978"},{"taxonomy":"post_tag","embeddable":true,"href":"https:\/\/archive.sana.sy\/es\/index.php?rest_route=%2Fwp%2Fv2%2Ftags&post=224978"}],"curies":[{"name":"wp","href":"https:\/\/api.w.org\/{rel}","templated":true}]}}