{"id":225005,"date":"2022-03-23T10:45:05","date_gmt":"2022-03-23T08:45:05","guid":{"rendered":"http:\/\/107.6.182.27\/es\/?p=225005"},"modified":"2022-03-23T10:45:05","modified_gmt":"2022-03-23T08:45:05","slug":"sergei-lavrov-ministro-de-exteriores-de-rusia-la-razon-de-la-crisis-en-ucrania-es-el-intento-de-occidente-de-demostrar-su-presencia-a-expensas-de-rusia-adoptando-una-politica-unipolar-y-expandiendo","status":"publish","type":"post","link":"https:\/\/archive.sana.sy\/es\/?p=225005","title":{"rendered":"Serg\u00e9i Lavrov, ministro de Exteriores de Rusia: La raz\u00f3n de la crisis en Ucrania es el intento de Occidente de demostrar su presencia a expensas de Rusia, adoptando una pol\u00edtica unipolar y expandiendo la OTAN hacia el este en una amenaza para la seguridad de Rusia"},"content":{"rendered":"","protected":false},"excerpt":{"rendered":"","protected":false},"author":35,"featured_media":0,"comment_status":"closed","ping_status":"closed","sticky":false,"template":"","format":"standard","meta":{"footnotes":""},"categories":[596],"tags":[],"class_list":["post-225005","post","type-post","status-publish","format-standard","","category-urgente"],"_links":{"self":[{"href":"https:\/\/archive.sana.sy\/es\/index.php?rest_route=\/wp\/v2\/posts\/225005"}],"collection":[{"href":"https:\/\/archive.sana.sy\/es\/index.php?rest_route=\/wp\/v2\/posts"}],"about":[{"href":"https:\/\/archive.sana.sy\/es\/index.php?rest_route=\/wp\/v2\/types\/post"}],"author":[{"embeddable":true,"href":"https:\/\/archive.sana.sy\/es\/index.php?rest_route=\/wp\/v2\/users\/35"}],"replies":[{"embeddable":true,"href":"https:\/\/archive.sana.sy\/es\/index.php?rest_route=%2Fwp%2Fv2%2Fcomments&post=225005"}],"version-history":[{"count":0,"href":"https:\/\/archive.sana.sy\/es\/index.php?rest_route=\/wp\/v2\/posts\/225005\/revisions"}],"wp:attachment":[{"href":"https:\/\/archive.sana.sy\/es\/index.php?rest_route=%2Fwp%2Fv2%2Fmedia&parent=225005"}],"wp:term":[{"taxonomy":"category","embeddable":true,"href":"https:\/\/archive.sana.sy\/es\/index.php?rest_route=%2Fwp%2Fv2%2Fcategories&post=225005"},{"taxonomy":"post_tag","embeddable":true,"href":"https:\/\/archive.sana.sy\/es\/index.php?rest_route=%2Fwp%2Fv2%2Ftags&post=225005"}],"curies":[{"name":"wp","href":"https:\/\/api.w.org\/{rel}","templated":true}]}}